{"id":4834,"date":"2017-11-06T18:50:37","date_gmt":"2017-11-06T23:50:37","guid":{"rendered":"http:\/\/derechosinfronteras.pe\/?p=3239"},"modified":"2017-11-06T18:50:37","modified_gmt":"2017-11-06T23:50:37","slug":"cusco-implementan-ley-n30364-para-prevenir-la-violencia-contra-la-mujer","status":"publish","type":"post","link":"https:\/\/derechosinfronteras.pe\/ingles\/cusco-implementan-ley-n30364-para-prevenir-la-violencia-contra-la-mujer\/","title":{"rendered":"Cusco: Implementan ley N\u00b030364 para prevenir la violencia contra la mujer"},"content":{"rendered":"<p style=\"text-align: right;\"><strong>Por Clotilde Florez \u2013 \u00c1rea Legal DHSF<\/strong><\/p>\n<p style=\"text-align: justify;\">En setiembre del a\u00f1o 2015, se public\u00f3 la <strong>Ley 30364<\/strong>, la misma que permitir\u00eda prevenir, sancionar y erradicar la violencia contra las mujeres y los integrantes del grupo familiar. En julio del a\u00f1o 2016 se promulg\u00f3 el reglamento de \u00e9sta ley, promoviendo un cambio sustancial dirigido a una mejor atenci\u00f3n de parte de los entes estatales a las situaciones de violencia. Entre las mejoras que incorporan esta norma y su reglamento se destaca la creaci\u00f3n el <strong>\u201cSistema Nacional para la prevenci\u00f3n, sanci\u00f3n y erradicaci\u00f3n de la violencia contra las mujeres y los integrantes del grupo familiar\u201d<\/strong>. Dicho sistema descentralizado (desde lo nacional hasta lo local-distrital) determina la creaci\u00f3n de <strong>una Comisi\u00f3n Multisectorial de Alto Nivel<\/strong>, una secretar\u00eda t\u00e9cnica y las Instancias Regionales de concertaci\u00f3n regional, provincial y distrital.<\/p>\n<p style=\"text-align: justify;\">En el marco de \u00e9ste sistema el pasado 07 de setiembre la <strong>Subgerencia de la Mujer Cusco<\/strong> conjuntamente al <strong>Ministerio de la Mujer y Poblaciones Vulnerables<\/strong> brindaron un taller a los operadores de justicia y sociedad civil sobre la citada ley. En el mismo espacio se dio a conocer que el Gobierno Regional estar\u00eda conformando su instancia de concertaci\u00f3n regional tan pronto se levanten las observaciones formales a la ordenanza que lo contiene. El ideal de este sistema es que Cusco, <strong>con sus 13 provincias y 108 distritos<\/strong>, cuenten con estas instancias como espacios articulados que puedan implementar de forma eficiente y adecuada los objetivos principales de la ley: <strong>Prevenir, sancionar y erradicar la violencia.<\/strong><\/p>\n<p style=\"text-align: justify;\">Es importante que los gobiernos provinciales y distritales le den el impulso y recursos necesarios para que desde su direcci\u00f3n re\u00fanan a los representantes de instituciones directamente involucradas en la prevenci\u00f3n y atenci\u00f3n de la violencia; <strong>para que desde la realidad concreta de cada una de las provincias y distritos planteen las medidas adecuadas al cumplimiento de la ley<\/strong>; y, de esta manera, se garanticen los derechos de las personas que d\u00eda a d\u00eda son violentadas dentro de sus hogares. Destacamos la iniciativa del Gobierno Regional del Cusco el que se suma a otras 9 regiones en el pa\u00eds.<\/p>\n<p style=\"text-align: justify;\">Del mismo modo la provincia de Chumbivilcas que ha venido avanzando en este aspecto; desde el a\u00f1o pasado cuenta con la Instancia Provincial de Concertaci\u00f3n, y el pasado mes de agosto iniciaron un trabajo interinstitucional e integrador con la sociedad civil con algunos avances como <strong>la incorporaci\u00f3n de efectivos policiales femeninos para la atenci\u00f3n de casos de violencia y la actualizaci\u00f3n del proyecto de Casa Refugio de Chumbivilcas.<\/strong><\/p>\n<p>&nbsp;<\/p>","protected":false},"excerpt":{"rendered":"<p>Por Clotilde Florez \u2013 \u00c1rea Legal DHSF En setiembre del a\u00f1o 2015, se public\u00f3 la Ley 30364, la misma que permitir\u00eda prevenir, sancionar y erradicar la violencia contra las mujeres y los integrantes del grupo familiar. En julio del a\u00f1o 2016 se promulg\u00f3 el reglamento de \u00e9sta ley, promoviendo un cambio sustancial dirigido a una [&hellip;]<\/p>\n","protected":false},"author":1,"featured_media":4835,"comment_status":"closed","ping_status":"open","sticky":false,"template":"","format":"standard","meta":{"_monsterinsights_skip_tracking":false,"_monsterinsights_sitenote_active":false,"_monsterinsights_sitenote_note":"","_monsterinsights_sitenote_category":0,"_jetpack_memberships_contains_paid_content":false,"footnotes":"","jetpack_publicize_message":"","jetpack_publicize_feature_enabled":true,"jetpack_social_post_already_shared":false,"jetpack_social_options":{"image_generator_settings":{"template":"highway","default_image_id":0,"font":"","enabled":false},"version":2}},"categories":[1],"tags":[],"class_list":["post-4834","post","type-post","status-publish","format-standard","has-post-thumbnail","hentry","category-sin-categoria"],"blocksy_meta":[],"jetpack_publicize_connections":[],"jetpack_featured_media_url":"https:\/\/derechosinfronteras.pe\/wp-content\/uploads\/2017\/11\/Mujeres-Chumbivilcas-e1510010216107.jpg","jetpack_sharing_enabled":true,"jetpack_likes_enabled":true,"_links":{"self":[{"href":"https:\/\/derechosinfronteras.pe\/ingles\/wp-json\/wp\/v2\/posts\/4834","targetHints":{"allow":["GET"]}}],"collection":[{"href":"https:\/\/derechosinfronteras.pe\/ingles\/wp-json\/wp\/v2\/posts"}],"about":[{"href":"https:\/\/derechosinfronteras.pe\/ingles\/wp-json\/wp\/v2\/types\/post"}],"author":[{"embeddable":true,"href":"https:\/\/derechosinfronteras.pe\/ingles\/wp-json\/wp\/v2\/users\/1"}],"replies":[{"embeddable":true,"href":"https:\/\/derechosinfronteras.pe\/ingles\/wp-json\/wp\/v2\/comments?post=4834"}],"version-history":[{"count":0,"href":"https:\/\/derechosinfronteras.pe\/ingles\/wp-json\/wp\/v2\/posts\/4834\/revisions"}],"wp:featuredmedia":[{"embeddable":true,"href":"https:\/\/derechosinfronteras.pe\/ingles\/wp-json\/wp\/v2\/media\/4835"}],"wp:attachment":[{"href":"https:\/\/derechosinfronteras.pe\/ingles\/wp-json\/wp\/v2\/media?parent=4834"}],"wp:term":[{"taxonomy":"category","embeddable":true,"href":"https:\/\/derechosinfronteras.pe\/ingles\/wp-json\/wp\/v2\/categories?post=4834"},{"taxonomy":"post_tag","embeddable":true,"href":"https:\/\/derechosinfronteras.pe\/ingles\/wp-json\/wp\/v2\/tags?post=4834"}],"curies":[{"name":"wp","href":"https:\/\/api.w.org\/{rel}","templated":true}]}}