{"id":4838,"date":"2017-10-31T11:53:51","date_gmt":"2017-10-31T16:53:51","guid":{"rendered":"http:\/\/derechosinfronteras.pe\/?p=3232"},"modified":"2017-10-31T11:53:51","modified_gmt":"2017-10-31T16:53:51","slug":"red-muqui-inauguro-muestra-fotografica-en-el-congreso-sobre-casos-emblematicos-de-contaminacion-minera","status":"publish","type":"post","link":"https:\/\/derechosinfronteras.pe\/ingles\/red-muqui-inauguro-muestra-fotografica-en-el-congreso-sobre-casos-emblematicos-de-contaminacion-minera\/","title":{"rendered":"Red Muqui inaugur\u00f3 muestra fotogr\u00e1fica en el Congreso sobre casos emblem\u00e1ticos de contaminaci\u00f3n minera"},"content":{"rendered":"<p style=\"text-align: justify;\">Cerro de Pasco, La Oroya y Espinar son tres casos emblem\u00e1ticos donde se ha demostrado que la poblaci\u00f3n est\u00e1 contaminada con metales pesados como plomo, cadmio y ars\u00e9nico.\u00a0 Son ciudades donde la gran miner\u00eda ha prosperado dejando pasivos ambientales a su paso que da\u00f1an la vida y la salud de las personas y el medio ambiente. Para mostrar esta problem\u00e1tica,<strong> RED MUQUI y la Comisi\u00f3n de Pueblos Andinos, Amaz\u00f3nicos y Afroperuanos, Ambiente y Ecolog\u00eda<\/strong> han montado una muestra fotogr\u00e1fica en la Sala Luna Pizarro del Congreso de La Rep\u00fablica.\u00a0 Las fotos estar\u00e1n expuestas hasta el <strong>jueves 2 de noviembre<\/strong> que se realizar\u00e1 el Foro\u00a0Estudios en poblaciones afectados por metales pesados.<\/p>\n<p style=\"text-align: justify;\">De esta forma se grafica la afectaci\u00f3n al paisaje, los r\u00edos, animales y personas que ha tra\u00eddo la continua contaminaci\u00f3n con metales pesados. El primer caso que se presenta es el de la ciudad de Cerro de Pasco, donde el distrito m\u00e1s afectado es Sim\u00f3n Bol\u00edvar. All\u00ed se encuentra ubicado el dep\u00f3sito de desmonte minero Exc\u00e9lsior que contiene\u00a0200 millones de toneladas, acumuladas durante un siglo de explotaci\u00f3n minera, a sus alrededores se ubica el centro poblado de Champamarca. Al lado de esa monta\u00f1a de deshecho minero se ubica la laguna Quiulacocha que ha sido convertida en una relavera de minerales. Los responsables de este desastre ecol\u00f3gico son empresas mineras que por a\u00f1os han operado en la zona. Actualmente, los pasivos le pertenecen a la empresa estatal <strong>Activos Mineros S.A.C.<\/strong><\/p>\n<p style=\"text-align: justify;\">Las fotos tambi\u00e9n muestran el caso emblem\u00e1tico de La Oroya. En dicha ciudad de Jun\u00edn se encuentra el Complejo Metal\u00farigico, cuyo \u00faltimo operador ha sido la empresa norteamericana Doe Run, que tiene un nivel m\u00ednimo de operaci\u00f3n, actualmente. Por d\u00e9cadas ha emitido gases t\u00f3xicos y contaminando a la poblaci\u00f3n con di\u00f3xido de azufre y plomo.<\/p>\n<p style=\"text-align: justify;\">El \u00faltimo Informe de atenci\u00f3n M\u00e9dica realizado por RED MUQUI a 24 ni\u00f1as y ni\u00f1os, 15 de Cerro de Pasco y 9 de La Oroya\u00a0 dio como resultado que\u00a0 <strong>en su mayor\u00eda exced\u00edan los l\u00edmites permisibles no solo en plomo sino en otros tres metales pesados como cadmio, ars\u00e9nico y mercurio. Los que generan serias consecuencias en la salud.\u00a0<\/strong><\/p>\n<p style=\"text-align: justify;\">Finalmente, est\u00e1 Espinar, provincia de Cusco donde los niveles de contaminaci\u00f3n han ocasionado serios da\u00f1os a la salud tambi\u00e9n. Los ex\u00e1menes de CENSOPAS han demostrado que la poblaci\u00f3n tiene concentraciones de plomo, ars\u00e9nico, cadmio, mercurio, talio y manganeso\u00a0por encima de los l\u00edmites permisibles.<\/p>\n<p style=\"text-align: justify;\">Pese a que la poblaci\u00f3n, en especial los ni\u00f1os, ha manifestado sentirse afectada por sarpullidos, problemas estomacales, problemas de comprensi\u00f3n en los ni\u00f1os. Incluso, existen casos de menores con diagn\u00f3stico de c\u00e1ncer, no hay mayor preocupaci\u00f3n por parte del Estado o las empresas para brindar una atenci\u00f3n m\u00e9dica especializada para las\/los intoxicados por metales pesados.<\/p>\n<p style=\"text-align: justify;\">Las fotos son testimonio de c\u00f3mo el aire, el agua y suelo contaminados da\u00f1an la salud y el medio ambiente. \u00a0Esta exposici\u00f3n es la antesala del Foro: <strong>\u00abEstudios en poblaciones afectados por metales pesados\u00bb<\/strong>, que se realizar\u00e1 este <strong>jueves 2 de noviembre<\/strong> en el Auditorio Alberto Andrade Carmona, ubicado en la cuadra dos Avenida Abancay, a partir de las <strong>2:30 p.m<\/strong>. El Ingreso es libre.<\/p>","protected":false},"excerpt":{"rendered":"<p>Cerro de Pasco, La Oroya y Espinar son tres casos emblem\u00e1ticos donde se ha demostrado que la poblaci\u00f3n est\u00e1 contaminada con metales pesados como plomo, cadmio y ars\u00e9nico.\u00a0 Son ciudades donde la gran miner\u00eda ha prosperado dejando pasivos ambientales a su paso que da\u00f1an la vida y la salud de las personas y el medio [&hellip;]<\/p>\n","protected":false},"author":1,"featured_media":4839,"comment_status":"closed","ping_status":"open","sticky":false,"template":"","format":"standard","meta":{"_monsterinsights_skip_tracking":false,"_monsterinsights_sitenote_active":false,"_monsterinsights_sitenote_note":"","_monsterinsights_sitenote_category":0,"_jetpack_memberships_contains_paid_content":false,"footnotes":"","jetpack_publicize_message":"","jetpack_publicize_feature_enabled":true,"jetpack_social_post_already_shared":false,"jetpack_social_options":{"image_generator_settings":{"template":"highway","default_image_id":0,"font":"","enabled":false},"version":2}},"categories":[1],"tags":[],"class_list":["post-4838","post","type-post","status-publish","format-standard","has-post-thumbnail","hentry","category-sin-categoria"],"blocksy_meta":[],"jetpack_publicize_connections":[],"jetpack_featured_media_url":"https:\/\/derechosinfronteras.pe\/wp-content\/uploads\/2017\/10\/ExpoFoto-Red-Muqui.jpg","jetpack_sharing_enabled":true,"jetpack_likes_enabled":true,"_links":{"self":[{"href":"https:\/\/derechosinfronteras.pe\/ingles\/wp-json\/wp\/v2\/posts\/4838","targetHints":{"allow":["GET"]}}],"collection":[{"href":"https:\/\/derechosinfronteras.pe\/ingles\/wp-json\/wp\/v2\/posts"}],"about":[{"href":"https:\/\/derechosinfronteras.pe\/ingles\/wp-json\/wp\/v2\/types\/post"}],"author":[{"embeddable":true,"href":"https:\/\/derechosinfronteras.pe\/ingles\/wp-json\/wp\/v2\/users\/1"}],"replies":[{"embeddable":true,"href":"https:\/\/derechosinfronteras.pe\/ingles\/wp-json\/wp\/v2\/comments?post=4838"}],"version-history":[{"count":0,"href":"https:\/\/derechosinfronteras.pe\/ingles\/wp-json\/wp\/v2\/posts\/4838\/revisions"}],"wp:featuredmedia":[{"embeddable":true,"href":"https:\/\/derechosinfronteras.pe\/ingles\/wp-json\/wp\/v2\/media\/4839"}],"wp:attachment":[{"href":"https:\/\/derechosinfronteras.pe\/ingles\/wp-json\/wp\/v2\/media?parent=4838"}],"wp:term":[{"taxonomy":"category","embeddable":true,"href":"https:\/\/derechosinfronteras.pe\/ingles\/wp-json\/wp\/v2\/categories?post=4838"},{"taxonomy":"post_tag","embeddable":true,"href":"https:\/\/derechosinfronteras.pe\/ingles\/wp-json\/wp\/v2\/tags?post=4838"}],"curies":[{"name":"wp","href":"https:\/\/api.w.org\/{rel}","templated":true}]}}