{"id":4840,"date":"2017-10-30T17:13:59","date_gmt":"2017-10-30T22:13:59","guid":{"rendered":"http:\/\/derechosinfronteras.pe\/?p=3229"},"modified":"2017-10-30T17:13:59","modified_gmt":"2017-10-30T22:13:59","slug":"la-ilegalidad-de-la-pena-de-muerte-por-ramiro-llatas","status":"publish","type":"post","link":"https:\/\/derechosinfronteras.pe\/ingles\/la-ilegalidad-de-la-pena-de-muerte-por-ramiro-llatas\/","title":{"rendered":"La ilegalidad de la pena de muerte &#8211; Por Ramiro Llatas"},"content":{"rendered":"<p style=\"text-align: right;\"><strong>La ilegalidad de la pena de muerte\u00a0<\/strong><\/p>\n<p style=\"text-align: right;\"><strong> Por Ramiro Llatas, Presidente de DHSF<\/strong><\/p>\n<p style=\"text-align: justify;\">El Ministro de Justicia, Enrique Mendoza, sabe mejor que nadie, que la propuesta de pena de muerte, no es posible legalmente y, que si renunciamos a la vigencia del Pacto de San Jos\u00e9 de Costa Rica, quedar\u00edamos como pa\u00eds paria, como pa\u00eds incivilizado, le negar\u00edamos el derecho a todas aquellas personas que al no haber obtenido justicia en el Per\u00fa, vayan al sistema interamericano de Derechos Humanos, a obtener justicia; pero supongamos, que salimos, y se aprueba la pena de muerte.<\/p>\n<p style=\"text-align: justify;\"><strong>\u00bfQui\u00e9n aplicar\u00e1 la pena de muerte en el Per\u00fa? \u00bfQui\u00e9n investigar\u00e1? \u00bfQui\u00e9n juzgar\u00e1?<\/strong> Obvio que el Poder Judicial, pero no nos olvidemos que est\u00e1 instituci\u00f3n, lamentablemente, en t\u00e9rminos de confianza<strong>, est\u00e1 entre las \u00faltimas por la sensaci\u00f3n de corrupci\u00f3n que existe.<\/strong><\/p>\n<p style=\"text-align: justify;\">La situaci\u00f3n se agravar\u00eda, si prosperar\u00eda, la propuesta de ley de PPK para politizar la elecci\u00f3n de los jueces. O imaginemos, menos mal que no pas\u00f3 as\u00ed, que los aproximadamente 800 indultados por Fujimori por haber sido sometidos a procesos de terrorismo, siendo inocentes, se le haya aplicado la pena de muerte. Nadie iba a reparar esas vidas p\u00e9rdidas.<\/p>\n<p style=\"text-align: justify;\">El Ministro de Justicia por lo que ha dicho, deber\u00eda renunciar. No se trata s\u00f3lo de discrepar ideol\u00f3gicamente, en el contexto peruano, una propuesta as\u00ed, es totalmente <strong>ilegal, mentirosa y peligrosa<\/strong>. Hay m\u00e1s pa\u00edses que se dan cuenta que la pena de muerte no resuelve el problema. No garantiza en nada que haya menos criminales. Para muestra Estados Unidos.<\/p>\n<p style=\"text-align: justify;\">En Per\u00fa, desde el condenado Fujimori, se han ido agravando las penas, hasta cadena perpetua y no paran los delincuentes. <strong>Terminemos con la farsa de la pena de muerte. Busquemos otras formas de afrontar la problem\u00e1tica.<\/strong><\/p>","protected":false},"excerpt":{"rendered":"<p>La ilegalidad de la pena de muerte\u00a0 Por Ramiro Llatas, Presidente de DHSF El Ministro de Justicia, Enrique Mendoza, sabe mejor que nadie, que la propuesta de pena de muerte, no es posible legalmente y, que si renunciamos a la vigencia del Pacto de San Jos\u00e9 de Costa Rica, quedar\u00edamos como pa\u00eds paria, como pa\u00eds [&hellip;]<\/p>\n","protected":false},"author":1,"featured_media":4841,"comment_status":"closed","ping_status":"open","sticky":false,"template":"","format":"standard","meta":{"_monsterinsights_skip_tracking":false,"_monsterinsights_sitenote_active":false,"_monsterinsights_sitenote_note":"","_monsterinsights_sitenote_category":0,"_jetpack_memberships_contains_paid_content":false,"footnotes":"","jetpack_publicize_message":"","jetpack_publicize_feature_enabled":true,"jetpack_social_post_already_shared":false,"jetpack_social_options":{"image_generator_settings":{"template":"highway","default_image_id":0,"font":"","enabled":false},"version":2}},"categories":[1],"tags":[],"class_list":["post-4840","post","type-post","status-publish","format-standard","has-post-thumbnail","hentry","category-sin-categoria"],"blocksy_meta":[],"jetpack_publicize_connections":[],"jetpack_featured_media_url":"https:\/\/derechosinfronteras.pe\/wp-content\/uploads\/2017\/10\/Pena-e1509401599637.jpg","jetpack_sharing_enabled":true,"jetpack_likes_enabled":true,"_links":{"self":[{"href":"https:\/\/derechosinfronteras.pe\/ingles\/wp-json\/wp\/v2\/posts\/4840","targetHints":{"allow":["GET"]}}],"collection":[{"href":"https:\/\/derechosinfronteras.pe\/ingles\/wp-json\/wp\/v2\/posts"}],"about":[{"href":"https:\/\/derechosinfronteras.pe\/ingles\/wp-json\/wp\/v2\/types\/post"}],"author":[{"embeddable":true,"href":"https:\/\/derechosinfronteras.pe\/ingles\/wp-json\/wp\/v2\/users\/1"}],"replies":[{"embeddable":true,"href":"https:\/\/derechosinfronteras.pe\/ingles\/wp-json\/wp\/v2\/comments?post=4840"}],"version-history":[{"count":0,"href":"https:\/\/derechosinfronteras.pe\/ingles\/wp-json\/wp\/v2\/posts\/4840\/revisions"}],"wp:featuredmedia":[{"embeddable":true,"href":"https:\/\/derechosinfronteras.pe\/ingles\/wp-json\/wp\/v2\/media\/4841"}],"wp:attachment":[{"href":"https:\/\/derechosinfronteras.pe\/ingles\/wp-json\/wp\/v2\/media?parent=4840"}],"wp:term":[{"taxonomy":"category","embeddable":true,"href":"https:\/\/derechosinfronteras.pe\/ingles\/wp-json\/wp\/v2\/categories?post=4840"},{"taxonomy":"post_tag","embeddable":true,"href":"https:\/\/derechosinfronteras.pe\/ingles\/wp-json\/wp\/v2\/tags?post=4840"}],"curies":[{"name":"wp","href":"https:\/\/api.w.org\/{rel}","templated":true}]}}