{"id":4842,"date":"2017-10-30T12:09:34","date_gmt":"2017-10-30T17:09:34","guid":{"rendered":"http:\/\/derechosinfronteras.pe\/?p=3225"},"modified":"2017-10-30T12:09:34","modified_gmt":"2017-10-30T17:09:34","slug":"onu-insta-a-peru-a-poner-los-derechos-humanos-al-centro-del-desarrollo","status":"publish","type":"post","link":"https:\/\/derechosinfronteras.pe\/ingles\/onu-insta-a-peru-a-poner-los-derechos-humanos-al-centro-del-desarrollo\/","title":{"rendered":"ONU insta a Per\u00fa a poner los derechos humanos al centro del desarrollo"},"content":{"rendered":"<p>&nbsp;<\/p>\n<p style=\"text-align: justify;\">GINEBRA\/LIMA (25 de octubre de 2017) \u2013 Per\u00fa ha logrado grandes avances en la \u00faltima d\u00e9cada en la reducci\u00f3n de la pobreza, pero debe defender firmemente los derechos humanos para garantizar que su modelo econ\u00f3mico sea sostenible y funcione en beneficio de todas las personas, coment\u00f3 el martes el Alto Comisionado de las Naciones Unidas para los Derechos Humanos, Zeid Ra\u2019ad Al Hussein, al concluir una visita de dos d\u00edas al pa\u00eds.<\/p>\n<p style=\"text-align: justify;\">\u201cCelebro los esfuerzos de Per\u00fa para luchar contra la pobreza y la exclusi\u00f3n, y sus progresos econ\u00f3micos son innegables. El pa\u00eds debe ahora consolidar tales avances, continuando con el fortalecimiento del estado de derecho y la protecci\u00f3n de los derechos humanos\u201d, manifest\u00f3 Zeid, cuya visita incluy\u00f3 reuniones con el Presidente Pedro Pablo Kuczynski, as\u00ed como con autoridades del Congreso y el Poder Judicial, representantes de la sociedad civil y del sector privado.<\/p>\n<p style=\"text-align: justify;\">\u201cPara que sea realmente sostenible, el desarrollo no debe dejar a nadie atr\u00e1s, y nunca debe ocurrir a expensas de los derechos de algunos integrantes de la sociedad\u201d, subray\u00f3 el Alto Comisionado.<\/p>\n<p style=\"text-align: justify;\">Junto con expresar preocupaci\u00f3n por los impactos negativos de la corrupci\u00f3n en el disfrute de los derechos humanos en el pa\u00eds, el Alto Comisionado dijo que \u201cPer\u00fa tiene una gran oportunidad para mejorar su situaci\u00f3n de derechos humanos de manera considerable. En este cometido, resulta crucial recordar que los tratados internacionales ratificados por el pa\u00eds imponen obligaciones no solo al gobierno sino tambi\u00e9n al Poder Legislativo, el Poder Judicial y, en definitiva, a todas las instituciones del Estado\u201d.<\/p>\n<p style=\"text-align: justify;\">El Alto Comisionado destac\u00f3 que el gobierno est\u00e1 desarrollando un Plan Nacional de Acci\u00f3n en Derechos Humanos y pidi\u00f3 una participaci\u00f3n significativa de todos los sectores, especialmente las organizaciones de la sociedad civil y la Defensor\u00eda del Pueblo en su proceso de elaboraci\u00f3n. \u201cEsperamos sinceramente que el Plan Nacional de Acci\u00f3n resultante pueda abordar en forma adecuada las necesidades de derechos humanos en Per\u00fa, y en especial aquellas de los grupos m\u00e1s vulnerables\u201d. \u00c9l tambi\u00e9n reiter\u00f3 la disposici\u00f3n de la Oficina de Derechos Humanos de la ONU, incluyendo a trav\u00e9s de su Oficina Regional para Am\u00e9rica del Sur, para continuar brindando su apoyo y asistencia t\u00e9cnica en esta y otras iniciativas de derechos humanos.<\/p>\n<p style=\"text-align: justify;\">Ha habido progresos en consultar a los pueblos ind\u00edgenas sobre asuntos relacionados a la miner\u00eda, energ\u00eda y otros proyectos de desarrollo desde la adopci\u00f3n en 2011 de una hist\u00f3rica ley, expres\u00f3 Zeid, pero se necesita hacer m\u00e1s para garantizar que puedan dar su consentimiento libre, previo e informado para tales proyectos, en l\u00ednea con los est\u00e1ndares internacionales de derechos humanos.<\/p>\n<p style=\"text-align: justify;\">\u201cHablando con representantes de la sociedad civil, escuch\u00e9 una fuerte sensaci\u00f3n de injusticia al ver que las decisiones que afectan las tierras, las vidas y el futuro de los pueblos ind\u00edgenas son tomadas por otros\u201d, dijo Zeid, destacando que cada a\u00f1o en Per\u00fa surgen docenas s de conflictos sociales y protestas, muchos de los cuales est\u00e1n vinculados a sectores mineros, petroleros y madereros.<\/p>\n<p style=\"text-align: justify;\">\u201cEs por eso que en mis conversaciones con l\u00edderes empresariales enfatic\u00e9 en la necesidad urgente de que las empresas respeten los derechos humanos de los pueblos ind\u00edgenas, de las defensoras y los defensores de derechos humanos y de los l\u00edderes sindicales. Las consultas y di\u00e1logos significativos no socavan los negocios, sino que sirven para avanzar en los derechos humanos y la agenda de negocios.\u201d<\/p>\n<p style=\"text-align: justify;\">Zeid tambi\u00e9n inst\u00f3 al gobierno a implementar sin demora medidas para aumentar la protecci\u00f3n de las y los defensores de derechos humanos. \u201cPer\u00fa no es una excepci\u00f3n a la tendencia en las Am\u00e9ricas, y de hecho en todo el mundo, de hostigamiento, intimidaci\u00f3n y ataques alarmantes en contra de activistas de derechos humanos\u201d, se\u00f1al\u00f3.<\/p>\n<p style=\"text-align: justify;\">La implementaci\u00f3n del marco legal y del plan nacional de 2016 para la b\u00fasqueda de personas desaparecidas entre 1980 y 2000 es tambi\u00e9n urgente, dijo el Alto Comisionado. \u201cEstos pasos son vitales para ayudar a Per\u00fa a superar su doloroso pasado de sufrimiento y derramamiento de sangre, pero me preocupa que las recomendaciones realizadas hace m\u00e1s de una d\u00e9cada atr\u00e1s por la Comisi\u00f3n de la Verdad y la Reconciliaci\u00f3n se hayan implementado de manera insuficiente\u201d, destac\u00f3.<\/p>\n<p style=\"text-align: justify;\">\u201cEl alto nivel de impunidad por las violaciones cometidas durante este per\u00edodo es profundamente preocupante. Deben abordarse las necesidades de las v\u00edctimas y sus familiares, incluidos su derecho a la verdad, la justicia y la reparaci\u00f3n. Adem\u00e1s, los recursos deben estar disponibles para garantizar que la b\u00fasqueda de los desaparecidos se pueda completar\u201d.<\/p>\n<p style=\"text-align: justify;\">Zeid tambi\u00e9n escuch\u00f3 preocupaciones sobre la posibilidad de un indulto presidencial para el expresidente Alberto Fujimori, quien fue sentenciado en 2009 a 25 a\u00f1os de prisi\u00f3n por muy serias violaciones a los derechos humanos. El Alto Comisionado record\u00f3 que \u201cFujimori fue condenado por delitos que constituyen cr\u00edmenes contra la humanidad, es decir, cr\u00edmenes que son del inter\u00e9s de la comunidad internacional en su conjunto. La comunidad internacional debe ser involucrada en este tema tan importante\u201d.<\/p>\n<p style=\"text-align: justify;\">Sobre mujeres y ni\u00f1as en alto riesgo de violencia de g\u00e9nero en Per\u00fa, la aprobaci\u00f3n de leyes dise\u00f1adas para prevenir y castigar dicha violencia -incluida la violencia dom\u00e9stica y el feminicidio- es importante, dijo Zeid. Sin embargo, Zeid agreg\u00f3 que tambi\u00e9n son necesarias una implementaci\u00f3n rigurosa y fuertes medidas preventivas, pues en demasiados casos, el perpetrador escapa del castigo. \u201cInsto al Gobierno a abordar las actitudes sociales y culturales que se siguen utilizando para justificar la violencia contra la mujer \u201c, declar\u00f3 el Alto Comisionado.<\/p>\n<p style=\"text-align: justify;\">Zeid tambi\u00e9n llam\u00f3 a introducir mejoras en el \u00e1mbito de los derechos sexuales y reproductivos de las mujeres. Asimismo, agreg\u00f3 que las recientes enmiendas introducidas en el Congreso a medidas que buscan promover la igualdad de g\u00e9nero y los derechos de las personas LGBTI representan \u201cun rev\u00e9s\u201d.<\/p>\n<p style=\"text-align: justify;\">Por \u00faltimo, el Alto Comisionado salud\u00f3 la elecci\u00f3n de Per\u00fa como Estado Miembro del Consejo de Derechos Humanos de la ONU. \u201cEspero con inter\u00e9s que Per\u00fa coopere plenamente con el Consejo, manteniendo los m\u00e1s altos est\u00e1ndares de derechos humanos frente el mundo, lo que tambi\u00e9n debe perseguirse a nivel nacional\u201d, enfatiz\u00f3.<\/p>\n<p style=\"text-align: right;\">Fuente: CNDDHH<\/p>","protected":false},"excerpt":{"rendered":"<p>&nbsp; GINEBRA\/LIMA (25 de octubre de 2017) \u2013 Per\u00fa ha logrado grandes avances en la \u00faltima d\u00e9cada en la reducci\u00f3n de la pobreza, pero debe defender firmemente los derechos humanos para garantizar que su modelo econ\u00f3mico sea sostenible y funcione en beneficio de todas las personas, coment\u00f3 el martes el Alto Comisionado de las Naciones [&hellip;]<\/p>\n","protected":false},"author":1,"featured_media":4843,"comment_status":"closed","ping_status":"open","sticky":false,"template":"","format":"standard","meta":{"_monsterinsights_skip_tracking":false,"_monsterinsights_sitenote_active":false,"_monsterinsights_sitenote_note":"","_monsterinsights_sitenote_category":0,"_jetpack_memberships_contains_paid_content":false,"footnotes":"","jetpack_publicize_message":"","jetpack_publicize_feature_enabled":true,"jetpack_social_post_already_shared":false,"jetpack_social_options":{"image_generator_settings":{"template":"highway","default_image_id":0,"font":"","enabled":false},"version":2}},"categories":[1],"tags":[],"class_list":["post-4842","post","type-post","status-publish","format-standard","has-post-thumbnail","hentry","category-sin-categoria"],"blocksy_meta":[],"jetpack_publicize_connections":[],"jetpack_featured_media_url":"https:\/\/derechosinfronteras.pe\/wp-content\/uploads\/2017\/10\/CIDDHH.jpg","jetpack_sharing_enabled":true,"jetpack_likes_enabled":true,"_links":{"self":[{"href":"https:\/\/derechosinfronteras.pe\/ingles\/wp-json\/wp\/v2\/posts\/4842","targetHints":{"allow":["GET"]}}],"collection":[{"href":"https:\/\/derechosinfronteras.pe\/ingles\/wp-json\/wp\/v2\/posts"}],"about":[{"href":"https:\/\/derechosinfronteras.pe\/ingles\/wp-json\/wp\/v2\/types\/post"}],"author":[{"embeddable":true,"href":"https:\/\/derechosinfronteras.pe\/ingles\/wp-json\/wp\/v2\/users\/1"}],"replies":[{"embeddable":true,"href":"https:\/\/derechosinfronteras.pe\/ingles\/wp-json\/wp\/v2\/comments?post=4842"}],"version-history":[{"count":0,"href":"https:\/\/derechosinfronteras.pe\/ingles\/wp-json\/wp\/v2\/posts\/4842\/revisions"}],"wp:featuredmedia":[{"embeddable":true,"href":"https:\/\/derechosinfronteras.pe\/ingles\/wp-json\/wp\/v2\/media\/4843"}],"wp:attachment":[{"href":"https:\/\/derechosinfronteras.pe\/ingles\/wp-json\/wp\/v2\/media?parent=4842"}],"wp:term":[{"taxonomy":"category","embeddable":true,"href":"https:\/\/derechosinfronteras.pe\/ingles\/wp-json\/wp\/v2\/categories?post=4842"},{"taxonomy":"post_tag","embeddable":true,"href":"https:\/\/derechosinfronteras.pe\/ingles\/wp-json\/wp\/v2\/tags?post=4842"}],"curies":[{"name":"wp","href":"https:\/\/api.w.org\/{rel}","templated":true}]}}