{"id":4844,"date":"2017-10-27T17:40:37","date_gmt":"2017-10-27T22:40:37","guid":{"rendered":"http:\/\/derechosinfronteras.pe\/?p=3214"},"modified":"2017-10-27T17:40:37","modified_gmt":"2017-10-27T22:40:37","slug":"lima-realizaran-foro-sobre-estudios-en-poblaciones-afectados-por-metales-pesados","status":"publish","type":"post","link":"https:\/\/derechosinfronteras.pe\/ingles\/lima-realizaran-foro-sobre-estudios-en-poblaciones-afectados-por-metales-pesados\/","title":{"rendered":"Lima: realizar\u00e1n foro sobre estudios en poblaciones afectados por metales pesados"},"content":{"rendered":"<p>&nbsp;<\/p>\n<p style=\"text-align: justify;\">La Comisi\u00f3n de Pueblos Andinos, Amaz\u00f3nicos y Afroperuanos, Ambiente y Ecolog\u00eda en coorganizaci\u00f3n con Red Muqui, Centro Labor, <u>S<\/u>ourse y la Municipalidad de Sim\u00f3n Bol\u00edvar, realizar\u00e1n el Foro<strong> P\u00fablico \u00abEstudios en Poblaciones afectadas por metales pesados\u00bb<\/strong> que se realizar\u00e1 este jueves 02 de noviembre, desde las 2:30 p.m., en las instalaciones del Auditorio Alberto Andrade Carmona (Av. Abancay 151, Lima).<\/p>\n<p>Se expondr\u00e1n estudios realizados a adultos, j\u00f3venes y ni\u00f1os que sufren una crisis de salud por la exposici\u00f3n a metales pesados y otras sustancias qu\u00edmicas debido, principalmente, a actividades extractivas. Las y los afectados viven en territorios, donde sus fuentes de agua est\u00e1n contaminadas y proliferan pasivos ambientales dejados por la miner\u00eda.<\/p>\n<p>Los casos que se presentaran son los de <strong>Cerro de Pasco, La Oroya, San Mateo<\/strong> e impactos de pasivos ambientales en la <strong>Cuenca Alta del R\u00edo R\u00edmac<\/strong>. Durante el foro, las y los afectados de las zonas mencionadas podr\u00e1n compartir sus declaraciones y testimonios, y como el Estado viene vulnerando su derecho a la salud.<\/p>\n<p style=\"text-align: justify;\">\u272aD\u00eda: 2 de noviembre<br \/>\n\u272aLugar: Congreso de la Rep\u00fablica<br \/>\n\u272aHora: 2:30 PM<br \/>\n<strong><br \/>\nEl ingreso es Libre, solo tendr\u00e1 que presentar su DNI. <\/strong><\/p>","protected":false},"excerpt":{"rendered":"<p>&nbsp; La Comisi\u00f3n de Pueblos Andinos, Amaz\u00f3nicos y Afroperuanos, Ambiente y Ecolog\u00eda en coorganizaci\u00f3n con Red Muqui, Centro Labor, Sourse y la Municipalidad de Sim\u00f3n Bol\u00edvar, realizar\u00e1n el Foro P\u00fablico \u00abEstudios en Poblaciones afectadas por metales pesados\u00bb que se realizar\u00e1 este jueves 02 de noviembre, desde las 2:30 p.m., en las instalaciones del Auditorio Alberto [&hellip;]<\/p>\n","protected":false},"author":1,"featured_media":4845,"comment_status":"closed","ping_status":"open","sticky":false,"template":"","format":"standard","meta":{"_monsterinsights_skip_tracking":false,"_monsterinsights_sitenote_active":false,"_monsterinsights_sitenote_note":"","_monsterinsights_sitenote_category":0,"_jetpack_memberships_contains_paid_content":false,"footnotes":"","jetpack_publicize_message":"","jetpack_publicize_feature_enabled":true,"jetpack_social_post_already_shared":false,"jetpack_social_options":{"image_generator_settings":{"template":"highway","default_image_id":0,"font":"","enabled":false},"version":2}},"categories":[1],"tags":[],"class_list":["post-4844","post","type-post","status-publish","format-standard","has-post-thumbnail","hentry","category-sin-categoria"],"blocksy_meta":[],"jetpack_publicize_connections":[],"jetpack_featured_media_url":"https:\/\/derechosinfronteras.pe\/wp-content\/uploads\/2017\/10\/Foro.jpg","jetpack_sharing_enabled":true,"jetpack_likes_enabled":true,"_links":{"self":[{"href":"https:\/\/derechosinfronteras.pe\/ingles\/wp-json\/wp\/v2\/posts\/4844","targetHints":{"allow":["GET"]}}],"collection":[{"href":"https:\/\/derechosinfronteras.pe\/ingles\/wp-json\/wp\/v2\/posts"}],"about":[{"href":"https:\/\/derechosinfronteras.pe\/ingles\/wp-json\/wp\/v2\/types\/post"}],"author":[{"embeddable":true,"href":"https:\/\/derechosinfronteras.pe\/ingles\/wp-json\/wp\/v2\/users\/1"}],"replies":[{"embeddable":true,"href":"https:\/\/derechosinfronteras.pe\/ingles\/wp-json\/wp\/v2\/comments?post=4844"}],"version-history":[{"count":0,"href":"https:\/\/derechosinfronteras.pe\/ingles\/wp-json\/wp\/v2\/posts\/4844\/revisions"}],"wp:featuredmedia":[{"embeddable":true,"href":"https:\/\/derechosinfronteras.pe\/ingles\/wp-json\/wp\/v2\/media\/4845"}],"wp:attachment":[{"href":"https:\/\/derechosinfronteras.pe\/ingles\/wp-json\/wp\/v2\/media?parent=4844"}],"wp:term":[{"taxonomy":"category","embeddable":true,"href":"https:\/\/derechosinfronteras.pe\/ingles\/wp-json\/wp\/v2\/categories?post=4844"},{"taxonomy":"post_tag","embeddable":true,"href":"https:\/\/derechosinfronteras.pe\/ingles\/wp-json\/wp\/v2\/tags?post=4844"}],"curies":[{"name":"wp","href":"https:\/\/api.w.org\/{rel}","templated":true}]}}