{"id":4846,"date":"2017-10-27T16:39:38","date_gmt":"2017-10-27T21:39:38","guid":{"rendered":"http:\/\/derechosinfronteras.pe\/?p=3213"},"modified":"2017-10-27T16:39:38","modified_gmt":"2017-10-27T21:39:38","slug":"espinar-se-conformo-el-comite-impulsor-de-vigilancia-y-monitoreo-ambiental-comunitario","status":"publish","type":"post","link":"https:\/\/derechosinfronteras.pe\/ingles\/espinar-se-conformo-el-comite-impulsor-de-vigilancia-y-monitoreo-ambiental-comunitario\/","title":{"rendered":"Espinar: Se conform\u00f3 el Comit\u00e9 Impulsor de Vigilancia y Monitoreo Ambiental Comunitario"},"content":{"rendered":"<p><strong>(27\/10\/2017)<\/strong> En Espinar, hoy se conform\u00f3 el Comit\u00e9 Impulsor de Vigilancia y Monitoreo Ambiental Comunitario.\u00a0La Junta Directiva de este nuevo Comit\u00e9 est\u00e1 conformada por Bernardino Berna (presidente), Dar\u00edo Taco (vocal), Felipe Ccolque (secretario), Marleny Surco (tesorera) y Vidal Churata (fiscal).<\/p>\n<p>Este Comit\u00e9 est\u00e1 conformado por personas de diferentes comunidades del entorno minero, y tiene como objetivo velar por la protecci\u00f3n del medio ambiente y recursos naturales mediante la capacitaci\u00f3n y fortalecimiento de los comuneros y comuneras, as\u00ed como la vigilancia y monitoreo de la calidad ambiental de las cuencas de la provincia de Espinar. Adem\u00e1s, el Comit\u00e9 tambi\u00e9n documentar\u00e1 y difundir\u00e1 los monitoreos que se realicen.<\/p>\n<p>Cabe destacar que en la provincia de Espinar -donde se ha cuestionado mucho el actuar de algunas instituciones del Estado por la influencia de la miner\u00eda- este tipo de organizaciones surgen como una alternativa para una real gesti\u00f3n integrada de los recursos h\u00eddricos y monitoreo ambiental. Este es el segundo Comit\u00e9 que existe en la provincia; anteriormente, exist\u00eda uno reconocido por la Municipalidad en la gesti\u00f3n de \u00d3scar Mollohuanca.\u00bbSer\u00eda importante que este Comit\u00e9 tambi\u00e9n sea reconocido por la gesti\u00f3n municipal actual porque le dar\u00eda mayor sostenibilidad y respaldo al trabajo que van a realizar a favor de las comunidades campesinas\u00bb, manifest\u00f3 la bi\u00f3loga de Derechos Humanos Sin Fronteras, Karem Luque.<\/p>\n<p>&nbsp;<\/p>","protected":false},"excerpt":{"rendered":"<p>(27\/10\/2017) En Espinar, hoy se conform\u00f3 el Comit\u00e9 Impulsor de Vigilancia y Monitoreo Ambiental Comunitario.\u00a0La Junta Directiva de este nuevo Comit\u00e9 est\u00e1 conformada por Bernardino Berna (presidente), Dar\u00edo Taco (vocal), Felipe Ccolque (secretario), Marleny Surco (tesorera) y Vidal Churata (fiscal). Este Comit\u00e9 est\u00e1 conformado por personas de diferentes comunidades del entorno minero, y tiene como [&hellip;]<\/p>\n","protected":false},"author":1,"featured_media":4847,"comment_status":"closed","ping_status":"open","sticky":false,"template":"","format":"standard","meta":{"_monsterinsights_skip_tracking":false,"_monsterinsights_sitenote_active":false,"_monsterinsights_sitenote_note":"","_monsterinsights_sitenote_category":0,"_jetpack_memberships_contains_paid_content":false,"footnotes":"","jetpack_publicize_message":"","jetpack_publicize_feature_enabled":true,"jetpack_social_post_already_shared":false,"jetpack_social_options":{"image_generator_settings":{"template":"highway","default_image_id":0,"font":"","enabled":false},"version":2}},"categories":[1],"tags":[],"class_list":["post-4846","post","type-post","status-publish","format-standard","has-post-thumbnail","hentry","category-sin-categoria"],"blocksy_meta":[],"jetpack_publicize_connections":[],"jetpack_featured_media_url":"https:\/\/derechosinfronteras.pe\/wp-content\/uploads\/2017\/10\/WhatsApp-Image-2017-10-27-at-3.00.19-PM.jpg","jetpack_sharing_enabled":true,"jetpack_likes_enabled":true,"_links":{"self":[{"href":"https:\/\/derechosinfronteras.pe\/ingles\/wp-json\/wp\/v2\/posts\/4846","targetHints":{"allow":["GET"]}}],"collection":[{"href":"https:\/\/derechosinfronteras.pe\/ingles\/wp-json\/wp\/v2\/posts"}],"about":[{"href":"https:\/\/derechosinfronteras.pe\/ingles\/wp-json\/wp\/v2\/types\/post"}],"author":[{"embeddable":true,"href":"https:\/\/derechosinfronteras.pe\/ingles\/wp-json\/wp\/v2\/users\/1"}],"replies":[{"embeddable":true,"href":"https:\/\/derechosinfronteras.pe\/ingles\/wp-json\/wp\/v2\/comments?post=4846"}],"version-history":[{"count":0,"href":"https:\/\/derechosinfronteras.pe\/ingles\/wp-json\/wp\/v2\/posts\/4846\/revisions"}],"wp:featuredmedia":[{"embeddable":true,"href":"https:\/\/derechosinfronteras.pe\/ingles\/wp-json\/wp\/v2\/media\/4847"}],"wp:attachment":[{"href":"https:\/\/derechosinfronteras.pe\/ingles\/wp-json\/wp\/v2\/media?parent=4846"}],"wp:term":[{"taxonomy":"category","embeddable":true,"href":"https:\/\/derechosinfronteras.pe\/ingles\/wp-json\/wp\/v2\/categories?post=4846"},{"taxonomy":"post_tag","embeddable":true,"href":"https:\/\/derechosinfronteras.pe\/ingles\/wp-json\/wp\/v2\/tags?post=4846"}],"curies":[{"name":"wp","href":"https:\/\/api.w.org\/{rel}","templated":true}]}}