{"id":4848,"date":"2017-10-27T14:05:52","date_gmt":"2017-10-27T19:05:52","guid":{"rendered":"http:\/\/derechosinfronteras.pe\/?p=3077"},"modified":"2017-10-27T14:05:52","modified_gmt":"2017-10-27T19:05:52","slug":"estreno-de-historias-de-agua-el-documental-sobre-mineria-y-sus-impactos-ambientales","status":"publish","type":"post","link":"https:\/\/derechosinfronteras.pe\/ingles\/estreno-de-historias-de-agua-el-documental-sobre-mineria-y-sus-impactos-ambientales\/","title":{"rendered":"Estreno de \u2018Historias de agua\u2019, el documental sobre miner\u00eda y sus impactos ambientales"},"content":{"rendered":"<p style=\"text-align: justify;\">En el marco del <strong>Foro: Estudios en poblaciones afectados por metales pesados<\/strong>, el pr\u00f3ximo 02 de noviembre, en el Auditorio Alberto Andrade del Congreso de la Rep\u00fablica a las 2:30 p.m., se estrenar\u00e1 el documental \u00abHistorias de agua\u00bb, cuyo contenido muestra el recorrido del agua desde que se origina en las alturas hasta llegar a la cuidad, evidencia la vulnerabilidad de las fuentes de agua y de los ecosistemas que la generan, en un contexto de cambio clim\u00e1tico. Asimismo, da a conocer las repercusiones de la contaminaci\u00f3n producida por la actividad minera y su impacto en el ambiente, la salud, y los riesgos que representan los pasivos ambientales mineros.<\/p>\n<p style=\"text-align: justify;\">Tomando como referencia un estudio sobre la salud en comunidades de Pasco y La Oroya, y pasivos ambientales de san Mateo, los realizadores siguieron las rutas del agua, desde su nacimiento en las alturas de Pasco hasta la sierra de Lima, encontr\u00e1ndose con relaves mineros que afectaban la fuentes de agua y la salud de las poblaciones, cuyas consecuencias no son atendidas ni por las empresas ni el estado.<\/p>\n<p style=\"text-align: justify;\">Este producto comunicacional estuvo dirigido por directores Juan\u00a0Manuel Torres Solari y Gabriela Delgado Maldonado, y ha sido promovido por la Red Muqui, Oxfam y otras instituciones.<\/p>\n<div class=\"fb-video\" data-allowfullscreen=\"true\" data-href=\"https:\/\/www.facebook.com\/redmuqui\/videos\/1680602578638493\/\" style=\"background-color: #fff; display: inline-block;\"><\/div>\n<p>Link del evento: goo.gl\/SeQohp<\/p>","protected":false},"excerpt":{"rendered":"<p>En el marco del Foro: Estudios en poblaciones afectados por metales pesados, el pr\u00f3ximo 02 de noviembre, en el Auditorio Alberto Andrade del Congreso de la Rep\u00fablica a las 2:30 p.m., se estrenar\u00e1 el documental \u00abHistorias de agua\u00bb, cuyo contenido muestra el recorrido del agua desde que se origina en las alturas hasta llegar a [&hellip;]<\/p>\n","protected":false},"author":1,"featured_media":4849,"comment_status":"closed","ping_status":"open","sticky":false,"template":"","format":"standard","meta":{"_monsterinsights_skip_tracking":false,"_monsterinsights_sitenote_active":false,"_monsterinsights_sitenote_note":"","_monsterinsights_sitenote_category":0,"_jetpack_memberships_contains_paid_content":false,"footnotes":"","jetpack_publicize_message":"","jetpack_publicize_feature_enabled":true,"jetpack_social_post_already_shared":false,"jetpack_social_options":{"image_generator_settings":{"template":"highway","default_image_id":0,"font":"","enabled":false},"version":2}},"categories":[1],"tags":[],"class_list":["post-4848","post","type-post","status-publish","format-standard","has-post-thumbnail","hentry","category-sin-categoria"],"blocksy_meta":[],"jetpack_publicize_connections":[],"jetpack_featured_media_url":"https:\/\/derechosinfronteras.pe\/wp-content\/uploads\/2017\/09\/21752356_1782835985081818_2074576050949970806_n.jpg","jetpack_sharing_enabled":true,"jetpack_likes_enabled":true,"_links":{"self":[{"href":"https:\/\/derechosinfronteras.pe\/ingles\/wp-json\/wp\/v2\/posts\/4848","targetHints":{"allow":["GET"]}}],"collection":[{"href":"https:\/\/derechosinfronteras.pe\/ingles\/wp-json\/wp\/v2\/posts"}],"about":[{"href":"https:\/\/derechosinfronteras.pe\/ingles\/wp-json\/wp\/v2\/types\/post"}],"author":[{"embeddable":true,"href":"https:\/\/derechosinfronteras.pe\/ingles\/wp-json\/wp\/v2\/users\/1"}],"replies":[{"embeddable":true,"href":"https:\/\/derechosinfronteras.pe\/ingles\/wp-json\/wp\/v2\/comments?post=4848"}],"version-history":[{"count":0,"href":"https:\/\/derechosinfronteras.pe\/ingles\/wp-json\/wp\/v2\/posts\/4848\/revisions"}],"wp:featuredmedia":[{"embeddable":true,"href":"https:\/\/derechosinfronteras.pe\/ingles\/wp-json\/wp\/v2\/media\/4849"}],"wp:attachment":[{"href":"https:\/\/derechosinfronteras.pe\/ingles\/wp-json\/wp\/v2\/media?parent=4848"}],"wp:term":[{"taxonomy":"category","embeddable":true,"href":"https:\/\/derechosinfronteras.pe\/ingles\/wp-json\/wp\/v2\/categories?post=4848"},{"taxonomy":"post_tag","embeddable":true,"href":"https:\/\/derechosinfronteras.pe\/ingles\/wp-json\/wp\/v2\/tags?post=4848"}],"curies":[{"name":"wp","href":"https:\/\/api.w.org\/{rel}","templated":true}]}}