{"id":4850,"date":"2017-10-27T13:06:06","date_gmt":"2017-10-27T18:06:06","guid":{"rendered":"http:\/\/derechosinfronteras.pe\/?p=3208"},"modified":"2017-10-27T13:06:06","modified_gmt":"2017-10-27T18:06:06","slug":"lima-dirigentes-de-cotabambas-exigen-retomar-mesa-de-dialogo","status":"publish","type":"post","link":"https:\/\/derechosinfronteras.pe\/ingles\/lima-dirigentes-de-cotabambas-exigen-retomar-mesa-de-dialogo\/","title":{"rendered":"Lima: Ejecutivo niega a dirigentes de Cotabambas la reinstalaci\u00f3n de lamesa de di\u00e1logo"},"content":{"rendered":"<p style=\"background: white; vertical-align: baseline; margin: 0cm 0cm 7.5pt; text-align: justify;\"><span style=\"font-family: 'Roboto','serif'; color: #1f1f1f;\">L\u00edderes sociales y autoridades de Cotabambas, Apur\u00edmac, llegaron hasta la capital para solicitar al gobierno se reinstale la mesa de di\u00e1logo, que se suspendi\u00f3 el a\u00f1o pasado. Las y los comuneros est\u00e1n preocupados porque hasta la fecha no se ha cumplido con los lineamientos del Plan de Desarrollo de la Provincia, adem\u00e1s por las permanentes afectaciones por parte de la actividad minera, las mismas que no son resultas ni por el gobierno ni por la empresa.\u00a0<\/span><\/p>\n<p style=\"text-align: justify; background: white; vertical-align: baseline; margin: 0cm 0cm 7.5pt 0cm;\"><span style=\"font-family: 'Roboto','serif'; color: #1f1f1f;\">En Cotabambas, est\u00e1 ubicada la empresa \u2018MMG Las Bambas\u2019. A causa de los enfrentamientos que surgieron durante diferentes movilizaciones entre el 2015 y el 2016, han fallecido seis comuneros por impacto de balas y\/o proyectiles. No existe ning\u00fan proceso judicial para los responsables. Sumada a esta situaci\u00f3n, las comunidades siguen siendo v\u00edctimas de permanente contaminaci\u00f3n y afectaci\u00f3n a su salud y derechos fundamentales. <\/span><\/p>\n<p style=\"text-align: justify; background: white; vertical-align: baseline; margin: 0cm 0cm 7.5pt 0cm;\"><span style=\"font-family: 'Roboto','serif'; color: #1f1f1f;\">El pedido oficial para reactivar mecanismos de di\u00e1logo, se realiz\u00f3 el 26 de octubre, al promediar las 10 de la ma\u00f1ana, hora en la que dirigentes fueron recibidos por representantes de la Presidencia de Consejo de Ministros. As\u00ed lo report\u00f3 el Presidente del Frente de Defensa de Cotabambas, Rodolfo Abarca al Diario La Rep\u00fablica. Al culminar la reuni\u00f3n, el Ejecutivo decidi\u00f3 reafirmar los acuerdos que suscribieron con anterioridad, es decir les negaron la posibilidad de reinstalar la mesa de di\u00e1logo. Las y los comuneros esperan que esta vez el gobierno atienda sus reclamos.<\/span><\/p>\n<p style=\"background: white; vertical-align: baseline; margin: 0cm 0cm 7.5pt; text-align: right;\"><strong>Foto: OCMP<\/strong><\/p>\n<p style=\"background: white; vertical-align: baseline; margin: 0cm 0cm 7.5pt; text-align: justify;\"><span style=\"font-family: 'Roboto','serif'; color: #1f1f1f;\">\u00a0<\/span><\/p>","protected":false},"excerpt":{"rendered":"<p>L\u00edderes sociales y autoridades de Cotabambas, Apur\u00edmac, llegaron hasta la capital para solicitar al gobierno se reinstale la mesa de di\u00e1logo, que se suspendi\u00f3 el a\u00f1o pasado. Las y los comuneros est\u00e1n preocupados porque hasta la fecha no se ha cumplido con los lineamientos del Plan de Desarrollo de la Provincia, adem\u00e1s por las permanentes [&hellip;]<\/p>\n","protected":false},"author":1,"featured_media":4851,"comment_status":"closed","ping_status":"open","sticky":false,"template":"","format":"standard","meta":{"_monsterinsights_skip_tracking":false,"_monsterinsights_sitenote_active":false,"_monsterinsights_sitenote_note":"","_monsterinsights_sitenote_category":0,"_jetpack_memberships_contains_paid_content":false,"footnotes":"","jetpack_publicize_message":"","jetpack_publicize_feature_enabled":true,"jetpack_social_post_already_shared":false,"jetpack_social_options":{"image_generator_settings":{"template":"highway","default_image_id":0,"font":"","enabled":false},"version":2}},"categories":[1],"tags":[],"class_list":["post-4850","post","type-post","status-publish","format-standard","has-post-thumbnail","hentry","category-sin-categoria"],"blocksy_meta":[],"jetpack_publicize_connections":[],"jetpack_featured_media_url":"https:\/\/derechosinfronteras.pe\/wp-content\/uploads\/2017\/10\/Bambas-en-Lima.jpg","jetpack_sharing_enabled":true,"jetpack_likes_enabled":true,"_links":{"self":[{"href":"https:\/\/derechosinfronteras.pe\/ingles\/wp-json\/wp\/v2\/posts\/4850","targetHints":{"allow":["GET"]}}],"collection":[{"href":"https:\/\/derechosinfronteras.pe\/ingles\/wp-json\/wp\/v2\/posts"}],"about":[{"href":"https:\/\/derechosinfronteras.pe\/ingles\/wp-json\/wp\/v2\/types\/post"}],"author":[{"embeddable":true,"href":"https:\/\/derechosinfronteras.pe\/ingles\/wp-json\/wp\/v2\/users\/1"}],"replies":[{"embeddable":true,"href":"https:\/\/derechosinfronteras.pe\/ingles\/wp-json\/wp\/v2\/comments?post=4850"}],"version-history":[{"count":0,"href":"https:\/\/derechosinfronteras.pe\/ingles\/wp-json\/wp\/v2\/posts\/4850\/revisions"}],"wp:featuredmedia":[{"embeddable":true,"href":"https:\/\/derechosinfronteras.pe\/ingles\/wp-json\/wp\/v2\/media\/4851"}],"wp:attachment":[{"href":"https:\/\/derechosinfronteras.pe\/ingles\/wp-json\/wp\/v2\/media?parent=4850"}],"wp:term":[{"taxonomy":"category","embeddable":true,"href":"https:\/\/derechosinfronteras.pe\/ingles\/wp-json\/wp\/v2\/categories?post=4850"},{"taxonomy":"post_tag","embeddable":true,"href":"https:\/\/derechosinfronteras.pe\/ingles\/wp-json\/wp\/v2\/tags?post=4850"}],"curies":[{"name":"wp","href":"https:\/\/api.w.org\/{rel}","templated":true}]}}