{"id":4852,"date":"2017-10-26T11:55:15","date_gmt":"2017-10-26T16:55:15","guid":{"rendered":"http:\/\/derechosinfronteras.pe\/?p=3200"},"modified":"2017-10-26T11:55:15","modified_gmt":"2017-10-26T16:55:15","slug":"ayacucho-fiscalia-cita-a-presidenta-de-anfasep-por-apologia-al-terrorismo","status":"publish","type":"post","link":"https:\/\/derechosinfronteras.pe\/ingles\/ayacucho-fiscalia-cita-a-presidenta-de-anfasep-por-apologia-al-terrorismo\/","title":{"rendered":"Ayacucho: Fiscal\u00eda cita a Presidenta de ANFASEP por \u00bfapolog\u00eda al terrorismo?"},"content":{"rendered":"<p>(26\/10\/2017) La Segunda Fiscal\u00eda Supraprovincial de Huamanga, Ayacucho, ha citado a Juana Carri\u00f3n Jaules, Presidenta de <strong>Asociaci\u00f3n Nacional de Familiares de Secuestrados, Detenidos y Desaparecidos del Per\u00fa (ANFASEP),<\/strong> para el viernes 27 de octubre, fecha en la que Carri\u00f3n tendr\u00e1 que declarar sobre el <strong>Museo de la Memoria<\/strong>, por ser supuestamente un espacio de \u2018apolog\u00eda al terrorismo\u2019.<\/p>\n<figure id=\"attachment_3201\" aria-describedby=\"caption-attachment-3201\" style=\"width: 584px\" class=\"wp-caption aligncenter\"><img fetchpriority=\"high\" decoding=\"async\" class=\"wp-image-3201 size-full\" src=\"http:\/\/derechosinfronteras.pe\/wp-content\/uploads\/2017\/10\/Anfasep.jpg\" alt=\"\" width=\"584\" height=\"940\" \/><figcaption id=\"caption-attachment-3201\" class=\"wp-caption-text\">Citaci\u00f3n de la Fiscal\u00eda a la presidenta de la ANFASEP<\/figcaption><\/figure>\n<p>Anival Cayo Gonz\u00e1les, miembro de la directiva de ANFASEP, declar\u00f3 para Noticias Ser, que la Fiscal\u00eda le solicit\u00f3 a la Presidenta de la ANFASEP que lleve consigo documentaci\u00f3n sobre la creaci\u00f3n del Museo de la Memoria. Cabe recalcar que el papel que ha cumplido ANFASEP en nuestra historia reciente, es reivindicar las pr\u00e1cticas de memoria y reparaci\u00f3n sobre el conflicto armado interno que vivimos entre 1980 y 2000. Sus integrantes son madres o familiares de desaparecidos y\/o asesinados por Sendero Luminoso, MRTA y Fuerzas Armadas.<\/p>\n<p style=\"text-align: justify;\">Ante esta indignante situaci\u00f3n, el colectivo de organizaciones que integran la Mesa Tem\u00e1tica de Derechos Humanos de la Mesa de Concertaci\u00f3n para la Lucha Contra la Pobreza de Ayacucho, convoc\u00f3 a una conferencia de prensa para hoy a las 9:00 a.m., en la que han condenado la decisi\u00f3n de la Fiscal\u00eda y la permanente difamaci\u00f3n y estigmatizaci\u00f3n que el gobierno y algunos pol\u00edticos tienen contra ANFASEP.<\/p>\n<figure id=\"attachment_3203\" aria-describedby=\"caption-attachment-3203\" style=\"width: 960px\" class=\"wp-caption aligncenter\"><img decoding=\"async\" class=\"wp-image-3203 size-full\" src=\"http:\/\/derechosinfronteras.pe\/wp-content\/uploads\/2017\/10\/Anfasep3.jpg\" alt=\"\" width=\"960\" height=\"539\" \/><figcaption id=\"caption-attachment-3203\" class=\"wp-caption-text\">Integrantes de ANFASEP en conferencia de prensa. Acompa\u00f1ados de la Congresista Tania Pariona<\/figcaption><\/figure>\n<p style=\"text-align: justify;\">Como se recuerda, d\u00edas atr\u00e1s, el congresista Octavio Salazar se refiri\u00f3 al Museo de la Memoria como un espacio de \u2018apolog\u00eda al terrorismo\u2019 y present\u00f3 una denuncia oficial ante el Congreso de la Rep\u00fablica. La actitud y declaraciones de Salazar generaron el pronunciamiento de organizaciones, instituciones y ONG\u2019s defensora de derechos humanos.<\/p>\n<h5 style=\"text-align: justify;\"><strong>Firma la petici\u00f3n<\/strong><\/h5>\n<p>En las redes sociales ya se han generado iniciativas y espacios de solidaridad con los frente a este hecho. Firma la siguiente petici\u00f3n para respaldar\u00a0la contribuci\u00f3n a nuestra historia y memoria de ANFASEP:\u00a0https:\/\/goo.gl\/K1g9Td<\/p>\n<h1 class=\"\"><\/h1>\n<p>#YoSoyANFASEP\u00a0<a class=\"_58cn\" href=\"https:\/\/www.facebook.com\/hashtag\/todossomosanfasep?source=feed_text&amp;story_id=10155451387938612\" data-ft=\"{&quot;tn&quot;:&quot;*N&quot;,&quot;type&quot;:104}\" target=\"_blank\" rel=\"noopener\"><span class=\"_5afx\"><span class=\"_58cl _5afz\">#<\/span><span class=\"_58cm\">TodosSomosANFASEP<\/span><\/span><\/a><\/p>","protected":false},"excerpt":{"rendered":"<p>(26\/10\/2017) La Segunda Fiscal\u00eda Supraprovincial de Huamanga, Ayacucho, ha citado a Juana Carri\u00f3n Jaules, Presidenta de Asociaci\u00f3n Nacional de Familiares de Secuestrados, Detenidos y Desaparecidos del Per\u00fa (ANFASEP), para el viernes 27 de octubre, fecha en la que Carri\u00f3n tendr\u00e1 que declarar sobre el Museo de la Memoria, por ser supuestamente un espacio de \u2018apolog\u00eda [&hellip;]<\/p>\n","protected":false},"author":1,"featured_media":4853,"comment_status":"closed","ping_status":"open","sticky":false,"template":"","format":"standard","meta":{"_monsterinsights_skip_tracking":false,"_monsterinsights_sitenote_active":false,"_monsterinsights_sitenote_note":"","_monsterinsights_sitenote_category":0,"_jetpack_memberships_contains_paid_content":false,"footnotes":"","jetpack_publicize_message":"","jetpack_publicize_feature_enabled":true,"jetpack_social_post_already_shared":false,"jetpack_social_options":{"image_generator_settings":{"template":"highway","default_image_id":0,"font":"","enabled":false},"version":2}},"categories":[1],"tags":[],"class_list":["post-4852","post","type-post","status-publish","format-standard","has-post-thumbnail","hentry","category-sin-categoria"],"blocksy_meta":[],"jetpack_publicize_connections":[],"jetpack_featured_media_url":"https:\/\/derechosinfronteras.pe\/wp-content\/uploads\/2017\/10\/Anfasep2.jpg","jetpack_sharing_enabled":true,"jetpack_likes_enabled":true,"_links":{"self":[{"href":"https:\/\/derechosinfronteras.pe\/ingles\/wp-json\/wp\/v2\/posts\/4852","targetHints":{"allow":["GET"]}}],"collection":[{"href":"https:\/\/derechosinfronteras.pe\/ingles\/wp-json\/wp\/v2\/posts"}],"about":[{"href":"https:\/\/derechosinfronteras.pe\/ingles\/wp-json\/wp\/v2\/types\/post"}],"author":[{"embeddable":true,"href":"https:\/\/derechosinfronteras.pe\/ingles\/wp-json\/wp\/v2\/users\/1"}],"replies":[{"embeddable":true,"href":"https:\/\/derechosinfronteras.pe\/ingles\/wp-json\/wp\/v2\/comments?post=4852"}],"version-history":[{"count":0,"href":"https:\/\/derechosinfronteras.pe\/ingles\/wp-json\/wp\/v2\/posts\/4852\/revisions"}],"wp:featuredmedia":[{"embeddable":true,"href":"https:\/\/derechosinfronteras.pe\/ingles\/wp-json\/wp\/v2\/media\/4853"}],"wp:attachment":[{"href":"https:\/\/derechosinfronteras.pe\/ingles\/wp-json\/wp\/v2\/media?parent=4852"}],"wp:term":[{"taxonomy":"category","embeddable":true,"href":"https:\/\/derechosinfronteras.pe\/ingles\/wp-json\/wp\/v2\/categories?post=4852"},{"taxonomy":"post_tag","embeddable":true,"href":"https:\/\/derechosinfronteras.pe\/ingles\/wp-json\/wp\/v2\/tags?post=4852"}],"curies":[{"name":"wp","href":"https:\/\/api.w.org\/{rel}","templated":true}]}}