{"id":4856,"date":"2017-10-25T15:59:57","date_gmt":"2017-10-25T20:59:57","guid":{"rendered":"http:\/\/derechosinfronteras.pe\/?p=3187"},"modified":"2017-10-25T15:59:57","modified_gmt":"2017-10-25T20:59:57","slug":"cotabambas-presentan-habeas-corpus-contra-declaratoria-de-estado-de-emergencia","status":"publish","type":"post","link":"https:\/\/derechosinfronteras.pe\/ingles\/cotabambas-presentan-habeas-corpus-contra-declaratoria-de-estado-de-emergencia\/","title":{"rendered":"Cotabambas: presentan h\u00e1beas corpus contra declaratoria de estado de emergencia"},"content":{"rendered":"<p style=\"text-align: justify;\">El pasado 23 de octubre, Victalin Huillca Paniura, <strong>Presidente del Frente \u00danico de Defensa de los Intereses de Chalhuahuacho<\/strong>, Nancy Jesusa Enr\u00edquez Merado, <strong>Presidenta de la Federaci\u00f3n Campesina de Mujeres de Chalhuahuacho<\/strong>, Silvestre Arredondo Alfaro, <strong>Presidente de la Federaci\u00f3n de J\u00f3venes de Pakis Waraca<\/strong>; con el acompa\u00f1amiento y asesor\u00eda de <strong>IDL, Aprodeh y la CNDDHH<\/strong>, presentaron un h\u00e1beas corpus en contra del Decreto Supremo N\u00ba 101-2017-P, que promulg\u00f3 el gobierno para ampliar por 30 d\u00edas m\u00e1s el <strong>Estado de Emergencia en los distritos de Challhuahuacho y Mara<\/strong>, provincia de Cotabambas, Apur\u00edmac. Con esta nueva pr\u00f3rroga, se cumplir\u00e1n 90 d\u00edas de estado de emergencia. El DS involucra tambi\u00e9n a Cusco y el distrito azucarero de Tum\u00e1n, Chiclayo.<\/p>\n<p style=\"text-align: justify;\"><strong>Seg\u00fan el art\u00edculo 137 de nuestra Constituci\u00f3n Pol\u00edtica<\/strong>, el estado de emergencia, es un estado de excepci\u00f3n en un contexto de <strong>\u201cperturbaci\u00f3n de la paz o del orden interno, de cat\u00e1strofe o de graves circunstancias que afecten la vida de la Naci\u00f3n\u201d<\/strong>, sin embargo este tipo de situaciones no existen en los lugares que ya vienen viviendo m\u00e1s de 60 d\u00edas en estado de emergencia. Cabe se\u00f1alar, que el primer estado de emergencia fue declarado durante las protestas que realiz\u00f3 el magisterio bloqueando el corredor minero. As\u00ed que para las y los comuneros de Cotabambas, una nueva ampliaci\u00f3n solo tendr\u00eda el objetivo de vulnerar sus derechos, pues seg\u00fan lo que dictan nuestras leyes, su contexto actual no amerita un estado de emergencia.<\/p>\n<figure id=\"attachment_3188\" aria-describedby=\"caption-attachment-3188\" style=\"width: 595px\" class=\"wp-caption aligncenter\"><img fetchpriority=\"high\" decoding=\"async\" class=\"wp-image-3188 size-full\" src=\"http:\/\/derechosinfronteras.pe\/wp-content\/uploads\/2017\/10\/Habeas-Corpus.jpg\" alt=\"\" width=\"595\" height=\"842\" \/><figcaption id=\"caption-attachment-3188\" class=\"wp-caption-text\">H\u00e1beas Corpus presentando ante el Juzgado de Investigaci\u00f3n Preparatoria de Cotabambas<\/figcaption><\/figure>\n<p style=\"text-align: justify;\">Para el abogado de <strong>IDL<\/strong>, <strong>Juan Carlos Ruiz,\u00a0<\/strong>estas medidas \u2018preventivas\u2019 son estrategias del gobierno para evitar que las comunidades protesten en contra de la actividad minera que les esta causando problemas ambientales y sociales. \u2018<strong>Se est\u00e1 usando esta facultad como un mecanismo de control social de la poblaci\u00f3n campesina, para que no protesten contra la actividad minera<\/strong>. El problema es que para eso no ha sido dise\u00f1ado los Estados de Emergencia\u2019 se pronunci\u00f3 el letrado a trav\u00e9s de su cuenta de Facebook.<\/p>\n<h4><strong>\u00bfQu\u00e9 significa un Estado de Emergencia?<\/strong><\/h4>\n<div class=\"fb-post\" data-href=\"https:\/\/www.facebook.com\/derechossinfronteras.pe\/photos\/a.741549455963585.1073741826.339097252875476\/1337506013034590\/?type=3&#038;theater\" data-width=\"552\" style=\"background-color: #fff; display: inline-block;\"><\/div>\n<p style=\"text-align: justify;\">Seg\u00fan lo que dicta nuestra Constituci\u00f3n, la declaratoria de un Estado de Emergencia deja abierta la posibilidad de suspender o restringir -todos o alguno- de los siguientes derechos:<\/p>\n<p style=\"text-align: justify;\"><strong>*Libertad y seguridad personal<\/strong>: Las detenciones pueden ocurrir sin flagrancia o sin mandato judicial. Las acciones de habeas corpus en relaci\u00f3n a personas detenidas ser\u00e1n declaradas improcedentes.<\/p>\n<p style=\"text-align: justify;\"><strong>*Inviolabilidad de domicilio:<\/strong>\u00a0Las PNP y\/o Fuerzas Armadas pueden ingresar a cualquier domicilio sin mandato judicial o flagrancia.<\/p>\n<p style=\"text-align: justify;\"><strong>*Libertad de Reuni\u00f3n:<\/strong>\u00a0Se suspenden todo tipo de reuniones.<\/p>\n<p style=\"text-align: justify;\"><strong>*Libertad de Tr\u00e1nsito:<\/strong>\u00a0\u00a0Se puede suspender la libertad de circular en ciertos lugares y\/o en ciertos horarios (No es lo mismo que un \u2018Toque de queda\u2019)<\/p>","protected":false},"excerpt":{"rendered":"<p>El pasado 23 de octubre, Victalin Huillca Paniura, Presidente del Frente \u00danico de Defensa de los Intereses de Chalhuahuacho, Nancy Jesusa Enr\u00edquez Merado, Presidenta de la Federaci\u00f3n Campesina de Mujeres de Chalhuahuacho, Silvestre Arredondo Alfaro, Presidente de la Federaci\u00f3n de J\u00f3venes de Pakis Waraca; con el acompa\u00f1amiento y asesor\u00eda de IDL, Aprodeh y la CNDDHH, [&hellip;]<\/p>\n","protected":false},"author":1,"featured_media":4857,"comment_status":"closed","ping_status":"open","sticky":false,"template":"","format":"standard","meta":{"_monsterinsights_skip_tracking":false,"_monsterinsights_sitenote_active":false,"_monsterinsights_sitenote_note":"","_monsterinsights_sitenote_category":0,"_jetpack_memberships_contains_paid_content":false,"footnotes":"","jetpack_publicize_message":"","jetpack_publicize_feature_enabled":true,"jetpack_social_post_already_shared":false,"jetpack_social_options":{"image_generator_settings":{"template":"highway","default_image_id":0,"font":"","enabled":false},"version":2}},"categories":[1],"tags":[],"class_list":["post-4856","post","type-post","status-publish","format-standard","has-post-thumbnail","hentry","category-sin-categoria"],"blocksy_meta":[],"jetpack_publicize_connections":[],"jetpack_featured_media_url":"https:\/\/derechosinfronteras.pe\/wp-content\/uploads\/2017\/10\/22554849_1742805839089557_2821901179846852781_n-e1508965109666.png","jetpack_sharing_enabled":true,"jetpack_likes_enabled":true,"_links":{"self":[{"href":"https:\/\/derechosinfronteras.pe\/ingles\/wp-json\/wp\/v2\/posts\/4856","targetHints":{"allow":["GET"]}}],"collection":[{"href":"https:\/\/derechosinfronteras.pe\/ingles\/wp-json\/wp\/v2\/posts"}],"about":[{"href":"https:\/\/derechosinfronteras.pe\/ingles\/wp-json\/wp\/v2\/types\/post"}],"author":[{"embeddable":true,"href":"https:\/\/derechosinfronteras.pe\/ingles\/wp-json\/wp\/v2\/users\/1"}],"replies":[{"embeddable":true,"href":"https:\/\/derechosinfronteras.pe\/ingles\/wp-json\/wp\/v2\/comments?post=4856"}],"version-history":[{"count":0,"href":"https:\/\/derechosinfronteras.pe\/ingles\/wp-json\/wp\/v2\/posts\/4856\/revisions"}],"wp:featuredmedia":[{"embeddable":true,"href":"https:\/\/derechosinfronteras.pe\/ingles\/wp-json\/wp\/v2\/media\/4857"}],"wp:attachment":[{"href":"https:\/\/derechosinfronteras.pe\/ingles\/wp-json\/wp\/v2\/media?parent=4856"}],"wp:term":[{"taxonomy":"category","embeddable":true,"href":"https:\/\/derechosinfronteras.pe\/ingles\/wp-json\/wp\/v2\/categories?post=4856"},{"taxonomy":"post_tag","embeddable":true,"href":"https:\/\/derechosinfronteras.pe\/ingles\/wp-json\/wp\/v2\/tags?post=4856"}],"curies":[{"name":"wp","href":"https:\/\/api.w.org\/{rel}","templated":true}]}}