{"id":4861,"date":"2017-10-24T16:03:49","date_gmt":"2017-10-24T21:03:49","guid":{"rendered":"http:\/\/derechosinfronteras.pe\/?p=3183"},"modified":"2017-10-24T16:03:49","modified_gmt":"2017-10-24T21:03:49","slug":"estreno-de-documental-cotabambas-tesoro-oculto","status":"publish","type":"post","link":"https:\/\/derechosinfronteras.pe\/ingles\/estreno-de-documental-cotabambas-tesoro-oculto\/","title":{"rendered":"HOY se estrena documental \u2018Cotabambas, tesoro oculto\u2019"},"content":{"rendered":"<p><iframe title=\"Extracto Cotabambas Tesoro Oculto\" width=\"1290\" height=\"726\" src=\"https:\/\/www.youtube.com\/embed\/6vtfopFPz5U?feature=oembed\" frameborder=\"0\" allow=\"accelerometer; autoplay; clipboard-write; encrypted-media; gyroscope; picture-in-picture; web-share\" allowfullscreen><\/iframe><\/p>\n<p style=\"text-align: justify;\">Como una forma de recuperar los espacios p\u00fablicos, se viene promoviendo la iniciativa de \u2018Cine en la calle somos todxs\u2019, y su pr\u00f3xima intervenci\u00f3n ser\u00e1 HOY 25 de octubre, a las 7:00 p.m. en el Parque Cervantes (Alt. Cdra 4 Av. Arequipa \/ Paradero Estadio Nacional). En esta edici\u00f3n se estrenar\u00e1 el documental \u2018Cotabambas, tesoro oculto\u2019 dirigida por el comunicador Miguel Izaga.<\/p>\n<p style=\"text-align: justify;\">El territorio de Cotabambas, Apur\u00edmac, sigue con conflictos latentes debido a la actividad extractiva que viene vulnerando sus derechos colectivos e individuales. Las comunidades valoran sus suelos y sostienen que no debe ser profanado. El documental reflejar\u00e1 la forma en que las y los comuneros han encontrado su sostenibilidad sin hacer al suelo explotar, sin contaminaci\u00f3n y sin muerte. Sin embargo grandes capitales han llegado para cambiarlo todo, encontr\u00e1ndolos indefensos y con un estado c\u00f3mplice del mentado \u201cdesarrollo econ\u00f3mico\u201d, invisible para sus pueblos.<\/p>\n<p style=\"text-align: justify;\">En este espacio alternativo de promoci\u00f3n del cine peruano, tambi\u00e9n se proyectar\u00e1 \u2018La Hija de la laguna\u2019, del directo Ernesto Cabellos, un producto comunicacional que ha recibido diferentes reconocimientos por su tem\u00e1tica ambiental.<\/p>\n<p>&nbsp;<\/p>","protected":false},"excerpt":{"rendered":"<p>Como una forma de recuperar los espacios p\u00fablicos, se viene promoviendo la iniciativa de \u2018Cine en la calle somos todxs\u2019, y su pr\u00f3xima intervenci\u00f3n ser\u00e1 HOY 25 de octubre, a las 7:00 p.m. en el Parque Cervantes (Alt. Cdra 4 Av. Arequipa \/ Paradero Estadio Nacional). En esta edici\u00f3n se estrenar\u00e1 el documental \u2018Cotabambas, tesoro [&hellip;]<\/p>\n","protected":false},"author":1,"featured_media":4862,"comment_status":"closed","ping_status":"open","sticky":false,"template":"","format":"standard","meta":{"_monsterinsights_skip_tracking":false,"_monsterinsights_sitenote_active":false,"_monsterinsights_sitenote_note":"","_monsterinsights_sitenote_category":0,"_jetpack_memberships_contains_paid_content":false,"footnotes":"","jetpack_publicize_message":"","jetpack_publicize_feature_enabled":true,"jetpack_social_post_already_shared":false,"jetpack_social_options":{"image_generator_settings":{"template":"highway","default_image_id":0,"font":"","enabled":false},"version":2}},"categories":[1],"tags":[],"class_list":["post-4861","post","type-post","status-publish","format-standard","has-post-thumbnail","hentry","category-sin-categoria"],"blocksy_meta":[],"jetpack_publicize_connections":[],"jetpack_featured_media_url":"https:\/\/derechosinfronteras.pe\/wp-content\/uploads\/2017\/10\/22519796_1612992375424494_3417228588462097761_o-e1508878643479.jpg","jetpack_sharing_enabled":true,"jetpack_likes_enabled":true,"_links":{"self":[{"href":"https:\/\/derechosinfronteras.pe\/ingles\/wp-json\/wp\/v2\/posts\/4861","targetHints":{"allow":["GET"]}}],"collection":[{"href":"https:\/\/derechosinfronteras.pe\/ingles\/wp-json\/wp\/v2\/posts"}],"about":[{"href":"https:\/\/derechosinfronteras.pe\/ingles\/wp-json\/wp\/v2\/types\/post"}],"author":[{"embeddable":true,"href":"https:\/\/derechosinfronteras.pe\/ingles\/wp-json\/wp\/v2\/users\/1"}],"replies":[{"embeddable":true,"href":"https:\/\/derechosinfronteras.pe\/ingles\/wp-json\/wp\/v2\/comments?post=4861"}],"version-history":[{"count":0,"href":"https:\/\/derechosinfronteras.pe\/ingles\/wp-json\/wp\/v2\/posts\/4861\/revisions"}],"wp:featuredmedia":[{"embeddable":true,"href":"https:\/\/derechosinfronteras.pe\/ingles\/wp-json\/wp\/v2\/media\/4862"}],"wp:attachment":[{"href":"https:\/\/derechosinfronteras.pe\/ingles\/wp-json\/wp\/v2\/media?parent=4861"}],"wp:term":[{"taxonomy":"category","embeddable":true,"href":"https:\/\/derechosinfronteras.pe\/ingles\/wp-json\/wp\/v2\/categories?post=4861"},{"taxonomy":"post_tag","embeddable":true,"href":"https:\/\/derechosinfronteras.pe\/ingles\/wp-json\/wp\/v2\/tags?post=4861"}],"curies":[{"name":"wp","href":"https:\/\/api.w.org\/{rel}","templated":true}]}}