{"id":4865,"date":"2017-10-23T09:52:14","date_gmt":"2017-10-23T14:52:14","guid":{"rendered":"http:\/\/derechosinfronteras.pe\/?p=3163"},"modified":"2017-10-23T09:52:14","modified_gmt":"2017-10-23T14:52:14","slug":"cusco-y-apurimac-tres-meses-en-estado-de-emergencia","status":"publish","type":"post","link":"https:\/\/derechosinfronteras.pe\/ingles\/cusco-y-apurimac-tres-meses-en-estado-de-emergencia\/","title":{"rendered":"[ACTUALIZACI\u00d3N] Cusco y Apur\u00edmac: Tres meses en estado de emergencia"},"content":{"rendered":"<p style=\"text-align: justify;\">El Ejecutivo prorrog\u00f3 por\u00a0<strong style=\"font-style: inherit;\">30 d\u00edas m\u00e1s,<\/strong>\u00a0el estado de emergencia declarado en los distritos de Chalhuahuacho y Mara, provincia de Cotabambas, en el departamento de Apur\u00edmac; y en el distrito de Capacmarca de la provincia de Chumbivilcas, departamento de Cusco.<\/p>\n<p style=\"text-align: justify;\">Es de conocimiento p\u00fablico que en las zonas en las que se ha declarado el estado de emergencia, son permanentes las manifestaciones en contra de la empresa minera \u2018Las Bambas\u2019, exigiendo\u00a0les otorgue un resarcimiento econ\u00f3mico por el deterioro a sus viviendas, derrames, accidentes, enfermedades respiratorias y otras afectaciones causadas por el paso de camiones que transportan minerales o residuos t\u00f3xicos.<\/p>\n<p style=\"text-align: justify;\">\u2018El pasado viernes (20 de octubre) hubo un derrame hac\u00eda el r\u00edo de su laguna de oxidaci\u00f3n. La OEFA y la Gerencia de Medio Ambiente no se pronuncian ni hacen nada al respecto sobre la situaci\u00f3n de contaminaci\u00f3n ambiental en la que viven nuestras comunidades\u2019, declar\u00f3 Maximiliano Huachaca, Secretario de Actas de la Federaci\u00f3n Interprovincial de Defensa Territorial y Ambiental de Cotabambas, Chumbivilcas, Espinar y Paruro<\/p>\n<p style=\"text-align: justify;\">Como se recuerda el pasado 15 de setiembre, el Gobierno Central ha decidido ampliar el estado de emergencia por 30 d\u00edas m\u00e1s en los distritos de Challhuahuacho, Haquira y Mara, distritos de la provincia de Cotabamabas, Apur\u00edmac. As\u00ed lo dicta el D.S. N\u00b0 093-2017-PCM. \u00a0Con esta nueva ampliaci\u00f3n ser\u00e1n 90 d\u00edas de estado de emergencia.<\/p>\n<p style=\"text-align: justify;\">\u2018Nosotros queremos que se levante este estado de emergencia, no hemos realizado ning\u00fan tipo de acciones violentas, esta medida perjudica a las zonas comerciales y las organizaciones de base. Son tres meses ya de estado de emergencia, y la primera empez\u00f3 con las protestas de los docentes, no hay raz\u00f3n para continuar con esta medida\u2019 sentenci\u00f3 Huachaca en entrevista para para DHSF.<\/p>\n<p style=\"text-align: justify;\">Por la parte legal, Juan Carlos Ruiz, Abogado de IDL, hoy interpondr\u00e1 un habeas corpus en contra del \u2018estado de emergencia preventivo\u2019, que termina vulnerando derechos constitucionales.<\/p>\n<p>&nbsp;<\/p>\n<p>&nbsp;<\/p>\n<p style=\"text-align: right;\">Foto: Diario Correo<\/p>\n<div class=\"fb-post\" data-href=\"https:\/\/www.facebook.com\/derechossinfronteras.pe\/photos\/a.741549455963585.1073741826.339097252875476\/1337506013034590\/?type=3&#038;theater&#038;notif_t=like&#038;notif_id=1508681702598466\" data-width=\"552\" style=\"background-color: #fff; display: inline-block;\"><\/div>\n<p>&nbsp;<\/p>\n<p>&nbsp;<\/p>\n<p>.<\/p>\n<p>&nbsp;<\/p>\n<p>&nbsp;<\/p>","protected":false},"excerpt":{"rendered":"<p>El Ejecutivo prorrog\u00f3 por\u00a030 d\u00edas m\u00e1s,\u00a0el estado de emergencia declarado en los distritos de Chalhuahuacho y Mara, provincia de Cotabambas, en el departamento de Apur\u00edmac; y en el distrito de Capacmarca de la provincia de Chumbivilcas, departamento de Cusco. Es de conocimiento p\u00fablico que en las zonas en las que se ha declarado el estado [&hellip;]<\/p>\n","protected":false},"author":1,"featured_media":4866,"comment_status":"closed","ping_status":"open","sticky":false,"template":"","format":"standard","meta":{"_monsterinsights_skip_tracking":false,"_monsterinsights_sitenote_active":false,"_monsterinsights_sitenote_note":"","_monsterinsights_sitenote_category":0,"_jetpack_memberships_contains_paid_content":false,"footnotes":"","jetpack_publicize_message":"","jetpack_publicize_feature_enabled":true,"jetpack_social_post_already_shared":false,"jetpack_social_options":{"image_generator_settings":{"template":"highway","default_image_id":0,"font":"","enabled":false},"version":2}},"categories":[1],"tags":[],"class_list":["post-4865","post","type-post","status-publish","format-standard","has-post-thumbnail","hentry","category-sin-categoria"],"blocksy_meta":[],"jetpack_publicize_connections":[],"jetpack_featured_media_url":"https:\/\/derechosinfronteras.pe\/wp-content\/uploads\/2017\/10\/Estado-de-Emergencia.jpg","jetpack_sharing_enabled":true,"jetpack_likes_enabled":true,"_links":{"self":[{"href":"https:\/\/derechosinfronteras.pe\/ingles\/wp-json\/wp\/v2\/posts\/4865","targetHints":{"allow":["GET"]}}],"collection":[{"href":"https:\/\/derechosinfronteras.pe\/ingles\/wp-json\/wp\/v2\/posts"}],"about":[{"href":"https:\/\/derechosinfronteras.pe\/ingles\/wp-json\/wp\/v2\/types\/post"}],"author":[{"embeddable":true,"href":"https:\/\/derechosinfronteras.pe\/ingles\/wp-json\/wp\/v2\/users\/1"}],"replies":[{"embeddable":true,"href":"https:\/\/derechosinfronteras.pe\/ingles\/wp-json\/wp\/v2\/comments?post=4865"}],"version-history":[{"count":0,"href":"https:\/\/derechosinfronteras.pe\/ingles\/wp-json\/wp\/v2\/posts\/4865\/revisions"}],"wp:featuredmedia":[{"embeddable":true,"href":"https:\/\/derechosinfronteras.pe\/ingles\/wp-json\/wp\/v2\/media\/4866"}],"wp:attachment":[{"href":"https:\/\/derechosinfronteras.pe\/ingles\/wp-json\/wp\/v2\/media?parent=4865"}],"wp:term":[{"taxonomy":"category","embeddable":true,"href":"https:\/\/derechosinfronteras.pe\/ingles\/wp-json\/wp\/v2\/categories?post=4865"},{"taxonomy":"post_tag","embeddable":true,"href":"https:\/\/derechosinfronteras.pe\/ingles\/wp-json\/wp\/v2\/tags?post=4865"}],"curies":[{"name":"wp","href":"https:\/\/api.w.org\/{rel}","templated":true}]}}