{"id":4869,"date":"2017-10-14T10:17:52","date_gmt":"2017-10-14T15:17:52","guid":{"rendered":"http:\/\/derechosinfronteras.pe\/?p=3158"},"modified":"2017-10-14T10:17:52","modified_gmt":"2017-10-14T15:17:52","slug":"censo-nacional-2017-la-importancia-de-la-pregunta-de-autoidentificacion","status":"publish","type":"post","link":"https:\/\/derechosinfronteras.pe\/ingles\/censo-nacional-2017-la-importancia-de-la-pregunta-de-autoidentificacion\/","title":{"rendered":"Censo Nacional 2017: La importancia de la pregunta de AUTOIDENTIFICACI\u00d3N"},"content":{"rendered":"<div class=\"fb-video\" data-allowfullscreen=\"true\" data-href=\"https:\/\/www.facebook.com\/derechossinfronteras.pe\/videos\/1410734152378442\/\" style=\"background-color: #fff; display: inline-block;\"><\/div>\n<p style=\"text-align: right;\"><strong>Por Arq. Gabriela Norka G\u00f3nzales Escarcena <\/strong><\/p>\n<p style=\"text-align: right;\"><strong>Jefa Distrital INEI Wanchaq<\/strong><\/p>\n<p><strong>\u00a0<\/strong>La fecha establecida para ejecutar los Censos Nacionales 2017: XII de Poblaci\u00f3n, VII de Vivienda y III de Comunidades Ind\u00edgenas, de acuerdo al Decreto Supremo N\u00b0 076-2017-PCM, publicado el 15 de julio en el Diario Oficial El Peruano, se\u00f1ala que a nivel nacional el empadronamiento \u00a0se realizar\u00e1 el domingo 22 de octubre, \u201c<strong>D\u00eda del Censo\u201d<\/strong>, con inamovilidad de la poblaci\u00f3n entre las 08:00 a.m. y 17:00 p.m.; mientras que el Empadronamiento en el \u00e1rea rural, se desarrollar\u00e1 durante quince d\u00edas, \u00a0del 23 de octubre al 06 de noviembre.<\/p>\n<p style=\"text-align: justify;\">El Jefe Departamental de los Censos Nacionales de Cusco, Econ. Gabriel Ordinola Hern\u00e1ndez, destac\u00f3 que el censo de poblaci\u00f3n de este a\u00f1o, se caracterizar\u00e1 por incluir, por primera vez, la pregunta sobre <strong>autoidentificaci\u00f3n<\/strong> en t\u00e9rminos \u00e9tnicos. \u201cesta pregunta busca recoger informaci\u00f3n de las personas mayores de 12 a\u00f1os de edad, considerando elementos como las costumbres, sus antepasados y si se siente o se considera parte de un grupo \u00e9tnico; a fin de visualizar y conocer mejor la realidad cultural de nuestro pa\u00eds\u201d, puntualiz\u00f3.<\/p>\n<h5 style=\"text-align: justify;\"><strong>\u00a0<\/strong><strong>Importancia de la autoidentificaci\u00f3n \u00e9tnica<\/strong><\/h5>\n<p style=\"text-align: justify;\"><strong>\u00a0<\/strong>La pregunta de AUTO \u2013 IDENTIDAD ayudar\u00e1 a pol\u00edticas p\u00fablicas diferenciadas para reducir brechas sociales, laborales, econ\u00f3micas y de acceso a derechos b\u00e1sicos como educaci\u00f3n y salud. Es necesario tener en cuenta que el color de la piel, la forma de vestir, de hablar o el lugar donde vivimos, no <strong>necesariamente determinara como nos autoidentificamos<\/strong>.<\/p>\n<p style=\"text-align: justify;\">Los Censos de Poblaci\u00f3n y Vivienda se realizan cada 10 a\u00f1os, son importantes porque nos permite conocer datos demogr\u00e1ficos, econ\u00f3micos y sociales relativos a todos los habitantes del pa\u00eds; as\u00ed como datos referentes a las <strong>caracter\u00edsticas estructurales<\/strong> existentes en el pa\u00eds en un momento determinado. Es necesario resaltar, que los resultados de los Censos Nacionales 2017, servir\u00e1n <strong>para el dise\u00f1o de pol\u00edticas p\u00fablicas para el desarrollo de la regi\u00f3n, incluyendo a las poblaciones vulnerables y sus necesidades particulares.<\/strong><\/p>\n<div class=\"fb-video\" data-allowfullscreen=\"true\" data-href=\"https:\/\/www.facebook.com\/derechossinfronteras.pe\/videos\/1414920275293163\/\" style=\"background-color: #fff; display: inline-block;\"><\/div>\n<p>&nbsp;<\/p>\n<p>&nbsp;<\/p>","protected":false},"excerpt":{"rendered":"<p>Por Arq. Gabriela Norka G\u00f3nzales Escarcena Jefa Distrital INEI Wanchaq \u00a0La fecha establecida para ejecutar los Censos Nacionales 2017: XII de Poblaci\u00f3n, VII de Vivienda y III de Comunidades Ind\u00edgenas, de acuerdo al Decreto Supremo N\u00b0 076-2017-PCM, publicado el 15 de julio en el Diario Oficial El Peruano, se\u00f1ala que a nivel nacional el empadronamiento [&hellip;]<\/p>\n","protected":false},"author":1,"featured_media":4870,"comment_status":"closed","ping_status":"open","sticky":false,"template":"","format":"standard","meta":{"_monsterinsights_skip_tracking":false,"_monsterinsights_sitenote_active":false,"_monsterinsights_sitenote_note":"","_monsterinsights_sitenote_category":0,"_jetpack_memberships_contains_paid_content":false,"footnotes":"","jetpack_publicize_message":"","jetpack_publicize_feature_enabled":true,"jetpack_social_post_already_shared":false,"jetpack_social_options":{"image_generator_settings":{"template":"highway","default_image_id":0,"font":"","enabled":false},"version":2}},"categories":[1],"tags":[],"class_list":["post-4869","post","type-post","status-publish","format-standard","has-post-thumbnail","hentry","category-sin-categoria"],"blocksy_meta":[],"jetpack_publicize_connections":[],"jetpack_featured_media_url":"https:\/\/derechosinfronteras.pe\/wp-content\/uploads\/2017\/10\/3771485823422_XXL-e1507994106623.jpg","jetpack_sharing_enabled":true,"jetpack_likes_enabled":true,"_links":{"self":[{"href":"https:\/\/derechosinfronteras.pe\/ingles\/wp-json\/wp\/v2\/posts\/4869","targetHints":{"allow":["GET"]}}],"collection":[{"href":"https:\/\/derechosinfronteras.pe\/ingles\/wp-json\/wp\/v2\/posts"}],"about":[{"href":"https:\/\/derechosinfronteras.pe\/ingles\/wp-json\/wp\/v2\/types\/post"}],"author":[{"embeddable":true,"href":"https:\/\/derechosinfronteras.pe\/ingles\/wp-json\/wp\/v2\/users\/1"}],"replies":[{"embeddable":true,"href":"https:\/\/derechosinfronteras.pe\/ingles\/wp-json\/wp\/v2\/comments?post=4869"}],"version-history":[{"count":0,"href":"https:\/\/derechosinfronteras.pe\/ingles\/wp-json\/wp\/v2\/posts\/4869\/revisions"}],"wp:featuredmedia":[{"embeddable":true,"href":"https:\/\/derechosinfronteras.pe\/ingles\/wp-json\/wp\/v2\/media\/4870"}],"wp:attachment":[{"href":"https:\/\/derechosinfronteras.pe\/ingles\/wp-json\/wp\/v2\/media?parent=4869"}],"wp:term":[{"taxonomy":"category","embeddable":true,"href":"https:\/\/derechosinfronteras.pe\/ingles\/wp-json\/wp\/v2\/categories?post=4869"},{"taxonomy":"post_tag","embeddable":true,"href":"https:\/\/derechosinfronteras.pe\/ingles\/wp-json\/wp\/v2\/tags?post=4869"}],"curies":[{"name":"wp","href":"https:\/\/api.w.org\/{rel}","templated":true}]}}