{"id":4871,"date":"2017-10-13T11:24:38","date_gmt":"2017-10-13T16:24:38","guid":{"rendered":"http:\/\/derechosinfronteras.pe\/?p=3155"},"modified":"2017-10-13T11:24:38","modified_gmt":"2017-10-13T16:24:38","slug":"reunion-multisectorial-cuales-son-las-prioridades-de-espinar","status":"publish","type":"post","link":"https:\/\/derechosinfronteras.pe\/ingles\/reunion-multisectorial-cuales-son-las-prioridades-de-espinar\/","title":{"rendered":"Reuni\u00f3n Multisectorial: \u00bfCuales son las prioridades de Espinar?"},"content":{"rendered":"<p style=\"text-align: justify;\">El pasado 11 de octubre, se llev\u00f3 a cabo la <strong>reuni\u00f3n multisectorial<\/strong>, convocada y dirigida por la Municipalidad Provincial de Espinar (MPE), donde participaron dirigentes de base; FUDIE, AUPE, UGEL ESPINAR, FUCAE y sociedad civil.<\/p>\n<p style=\"text-align: justify;\">En dicha reuni\u00f3n se reviso la situaci\u00f3n actual del proyecto de construcci\u00f3n del hospital de Espinar, cuyo afectaci\u00f3n principal es el\u00a0 presupuesto. El Frente \u00danico de Defensa de los Intereses de Espinar (FUDIE) en la voz de su presidente, Edgar Huarancca,\u00a0 exige que se cumpla los compromisos asumidos en actas anteriores por el Ministerio de Salud y no se dilaten m\u00e1s el tiempo.<\/p>\n<p style=\"text-align: justify;\">Otro de los temas en agenda fue el asfaltado de la carretera tramo II: Negromayo \u2013 Yauri \u2013 San Genaro; donde exigen saber el estado situacional de este proyecto, adem\u00e1s manifestaron que por la comunidad de <strong>Huisa y Hanccollahua<\/strong>, y todo el corredor minero, circulan un sinn\u00famero de veh\u00edculos de las empresas mineras como <strong>Antapaccay, Hudbay y MG Bambas.<\/strong><\/p>\n<p style=\"text-align: justify;\">Otro tema relevante es la exigencia de informaci\u00f3n transparente del proyecto <strong>Corcohuaycco<\/strong>; Huarancca indic\u00f3 que este proyecto no debe iniciar hasta que se soluciones los pasivos como el impacto a la salud e impactos ambientales.<\/p>\n<p style=\"text-align: justify;\">Finalmente, una demanda a\u00fan sin resolver, es el conflicto en torno al proyecto\u00a0de <strong>Majes Siguas II<\/strong>; el representante del\u00a0<strong>Ca\u00f1\u00f3n de Apur\u00edmac<\/strong>, indic\u00f3 que son m\u00e1s de 1000 usuarios, quienes en semanas anteriores\u00a0protestaron exigiendo la factibilidad del proyecto y los metros c\u00fabicos de agua que dispondr\u00e1n para la provincia de Espinar, en esa media de lucha el 30 de setiembre se dio en tregua por 15 d\u00edas.<\/p>\n<p style=\"text-align: justify;\">El representante del FUDIE\u00a0afirm\u00f3 que no es un problema de Cuenca,<strong> sino de toda la provincia de Espinar<\/strong>, exige el respeto del caudal ecol\u00f3gico y afianzamiento h\u00eddrico. La posici\u00f3n del alcalde Manuel Salinas,\u00a0es convocar al\u00a0MINAGRI, PCM, y a su vez llevar el caso a la Corte Interamericana de Derechos Humanos. En ese sentido se plante\u00f3 citar a los Ministros y a la PCM a la provincia de Espinar y conformar un comit\u00e9 de lucha.<\/p>\n<p style=\"text-align: justify;\"><strong>CONCLUSIONES<\/strong><\/p>\n<p style=\"text-align: justify;\">1. El d\u00eda 12 de octubre se remitir\u00e1n los documentos a los ministros y la PCM para una reuni\u00f3n en Espinar, a cargo de la MPE.<\/p>\n<p style=\"text-align: justify;\">2. La fecha fijada por mayor\u00eda para la\u00a0reuni\u00f3n con los ministros y PCM ser\u00e1 el 26 de octubre en el Auditorio de la Municipalidad Provincial de Espinar.<\/p>\n<p style=\"text-align: justify;\">3. Se conform\u00f3 el comit\u00e9 de lucha por mayor\u00eda de voto, donde La FUCAE asume el cargo de presidente, el FUDIE\u00a0la vicepresidencia, el representante del Ca\u00f1\u00f3n Apur\u00edmac asume el cargo de secretario, AUPE asume el cargo de prensa y propaganda.<\/p>\n<p style=\"text-align: justify;\">","protected":false},"excerpt":{"rendered":"<p>El pasado 11 de octubre, se llev\u00f3 a cabo la reuni\u00f3n multisectorial, convocada y dirigida por la Municipalidad Provincial de Espinar (MPE), donde participaron dirigentes de base; FUDIE, AUPE, UGEL ESPINAR, FUCAE y sociedad civil. En dicha reuni\u00f3n se reviso la situaci\u00f3n actual del proyecto de construcci\u00f3n del hospital de Espinar, cuyo afectaci\u00f3n principal es [&hellip;]<\/p>\n","protected":false},"author":1,"featured_media":4872,"comment_status":"closed","ping_status":"open","sticky":false,"template":"","format":"standard","meta":{"_monsterinsights_skip_tracking":false,"_monsterinsights_sitenote_active":false,"_monsterinsights_sitenote_note":"","_monsterinsights_sitenote_category":0,"_jetpack_memberships_contains_paid_content":false,"footnotes":"","jetpack_publicize_message":"","jetpack_publicize_feature_enabled":true,"jetpack_social_post_already_shared":false,"jetpack_social_options":{"image_generator_settings":{"template":"highway","default_image_id":0,"font":"","enabled":false},"version":2}},"categories":[1],"tags":[],"class_list":["post-4871","post","type-post","status-publish","format-standard","has-post-thumbnail","hentry","category-sin-categoria"],"blocksy_meta":[],"jetpack_publicize_connections":[],"jetpack_featured_media_url":"https:\/\/derechosinfronteras.pe\/wp-content\/uploads\/2017\/10\/Espinar-e1507911790320.jpg","jetpack_sharing_enabled":true,"jetpack_likes_enabled":true,"_links":{"self":[{"href":"https:\/\/derechosinfronteras.pe\/ingles\/wp-json\/wp\/v2\/posts\/4871","targetHints":{"allow":["GET"]}}],"collection":[{"href":"https:\/\/derechosinfronteras.pe\/ingles\/wp-json\/wp\/v2\/posts"}],"about":[{"href":"https:\/\/derechosinfronteras.pe\/ingles\/wp-json\/wp\/v2\/types\/post"}],"author":[{"embeddable":true,"href":"https:\/\/derechosinfronteras.pe\/ingles\/wp-json\/wp\/v2\/users\/1"}],"replies":[{"embeddable":true,"href":"https:\/\/derechosinfronteras.pe\/ingles\/wp-json\/wp\/v2\/comments?post=4871"}],"version-history":[{"count":0,"href":"https:\/\/derechosinfronteras.pe\/ingles\/wp-json\/wp\/v2\/posts\/4871\/revisions"}],"wp:featuredmedia":[{"embeddable":true,"href":"https:\/\/derechosinfronteras.pe\/ingles\/wp-json\/wp\/v2\/media\/4872"}],"wp:attachment":[{"href":"https:\/\/derechosinfronteras.pe\/ingles\/wp-json\/wp\/v2\/media?parent=4871"}],"wp:term":[{"taxonomy":"category","embeddable":true,"href":"https:\/\/derechosinfronteras.pe\/ingles\/wp-json\/wp\/v2\/categories?post=4871"},{"taxonomy":"post_tag","embeddable":true,"href":"https:\/\/derechosinfronteras.pe\/ingles\/wp-json\/wp\/v2\/tags?post=4871"}],"curies":[{"name":"wp","href":"https:\/\/api.w.org\/{rel}","templated":true}]}}