{"id":4873,"date":"2017-10-11T13:08:56","date_gmt":"2017-10-11T18:08:56","guid":{"rendered":"http:\/\/derechosinfronteras.pe\/?p=3152"},"modified":"2017-10-11T13:08:56","modified_gmt":"2017-10-11T18:08:56","slug":"cusco-celebro-encuentro-regional-de-rondas-campesinas","status":"publish","type":"post","link":"https:\/\/derechosinfronteras.pe\/ingles\/cusco-celebro-encuentro-regional-de-rondas-campesinas\/","title":{"rendered":"Cusco celebr\u00f3 Encuentro Regional de Rondas Campesinas"},"content":{"rendered":"<p style=\"text-align: justify;\">El pasado 10 de octubre, se realiz\u00f3 el Encuentro Regional de Rondas Campesinas de Cusco, que tuvo como sede la provincia de Espinar. El espacio, que inici\u00f3 desde las 9:00 a.m. congreg\u00f3 a un promedio de 400 ronderos de todo el Cusco.<\/p>\n<p style=\"text-align: justify;\">Entre los invitados estuvieron el Presidente de la Corte Superior de Cusco, Consejero regional por Espinar, la Sub Gerencia de Comunidades Campesinas y Amaz\u00f3nicas del Gobierno Regional, Vivar\u00eda de Sicuani, representantes del Congreso de la Rep\u00fablica, Ministerio del Interior e instituciones no gubernamentales.<\/p>\n<p style=\"text-align: justify;\">La incomodidad del encuentro giro en torno a la ausencia del Alcalde Provincial de Espinar, quien se hab\u00eda comprometido a participar. Terminada la actividad, se conform\u00f3 una comisi\u00f3n de ronderos, quienes exhortaron al Gerente Municipal a que pueda pronunciar en nombre de la Municipalidad.<\/p>\n<p style=\"text-align: justify;\"><strong>Tema prioritario <\/strong><\/p>\n<p style=\"text-align: justify;\">Uno de los principales puntos que se trat\u00f3 en el encuentro fue el Proyecto de Ley 773 \u2013 16, presentando en diciembre del a\u00f1o pasado por el congresista oficialista Gino Costa. Esta propuesta estar\u00eda enfocada a vulnerar el sistema de justicia aut\u00f3nomo, la cual se encuentra reconocida en nuestra Constituci\u00f3n Pol\u00edtica.<\/p>\n<p style=\"text-align: justify;\">El Proyecto de Ley 773 -16 propone el desarrollo del art\u00edculo 149 de la Constituci\u00f3n Pol\u00edtica del Per\u00fa, para la regulaci\u00f3n de la coordinaci\u00f3n intercultural de la justicia. Sin embargo, las rondas campesinas\u00a0consideran que la iniciativa legislativa afecta el pluralismo jur\u00eddico y vulnera el derecho consuetudinario que les permite impedir que invadan sus territorios, los despojen y destruyan sus recursos naturales.<\/p>\n<p style=\"text-align: justify;\">Cabe se\u00f1alar que las rondas campesinas cuentan con el reconocimiento de normas internacionales, como el Convenio 169 de la OIT, la Declaraci\u00f3n de Naciones Unidas sobre los Derechos de los Pueblos Ind\u00edgenas y la jurisprudencia de la Corte Interamericana de Derechos Humanos (CIDH).<\/p>\n<p>&nbsp;<\/p>","protected":false},"excerpt":{"rendered":"<p>El pasado 10 de octubre, se realiz\u00f3 el Encuentro Regional de Rondas Campesinas de Cusco, que tuvo como sede la provincia de Espinar. El espacio, que inici\u00f3 desde las 9:00 a.m. congreg\u00f3 a un promedio de 400 ronderos de todo el Cusco. Entre los invitados estuvieron el Presidente de la Corte Superior de Cusco, Consejero [&hellip;]<\/p>\n","protected":false},"author":1,"featured_media":4874,"comment_status":"closed","ping_status":"open","sticky":false,"template":"","format":"standard","meta":{"_monsterinsights_skip_tracking":false,"_monsterinsights_sitenote_active":false,"_monsterinsights_sitenote_note":"","_monsterinsights_sitenote_category":0,"_jetpack_memberships_contains_paid_content":false,"footnotes":"","jetpack_publicize_message":"","jetpack_publicize_feature_enabled":true,"jetpack_social_post_already_shared":false,"jetpack_social_options":{"image_generator_settings":{"template":"highway","default_image_id":0,"font":"","enabled":false},"version":2}},"categories":[1],"tags":[],"class_list":["post-4873","post","type-post","status-publish","format-standard","has-post-thumbnail","hentry","category-sin-categoria"],"blocksy_meta":[],"jetpack_publicize_connections":[],"jetpack_featured_media_url":"https:\/\/derechosinfronteras.pe\/wp-content\/uploads\/2017\/10\/WhatsApp-Image-2017-10-10-at-4.02.34-PM-e1507745154653.jpeg","jetpack_sharing_enabled":true,"jetpack_likes_enabled":true,"_links":{"self":[{"href":"https:\/\/derechosinfronteras.pe\/ingles\/wp-json\/wp\/v2\/posts\/4873","targetHints":{"allow":["GET"]}}],"collection":[{"href":"https:\/\/derechosinfronteras.pe\/ingles\/wp-json\/wp\/v2\/posts"}],"about":[{"href":"https:\/\/derechosinfronteras.pe\/ingles\/wp-json\/wp\/v2\/types\/post"}],"author":[{"embeddable":true,"href":"https:\/\/derechosinfronteras.pe\/ingles\/wp-json\/wp\/v2\/users\/1"}],"replies":[{"embeddable":true,"href":"https:\/\/derechosinfronteras.pe\/ingles\/wp-json\/wp\/v2\/comments?post=4873"}],"version-history":[{"count":0,"href":"https:\/\/derechosinfronteras.pe\/ingles\/wp-json\/wp\/v2\/posts\/4873\/revisions"}],"wp:featuredmedia":[{"embeddable":true,"href":"https:\/\/derechosinfronteras.pe\/ingles\/wp-json\/wp\/v2\/media\/4874"}],"wp:attachment":[{"href":"https:\/\/derechosinfronteras.pe\/ingles\/wp-json\/wp\/v2\/media?parent=4873"}],"wp:term":[{"taxonomy":"category","embeddable":true,"href":"https:\/\/derechosinfronteras.pe\/ingles\/wp-json\/wp\/v2\/categories?post=4873"},{"taxonomy":"post_tag","embeddable":true,"href":"https:\/\/derechosinfronteras.pe\/ingles\/wp-json\/wp\/v2\/tags?post=4873"}],"curies":[{"name":"wp","href":"https:\/\/api.w.org\/{rel}","templated":true}]}}