{"id":4877,"date":"2017-10-10T11:29:47","date_gmt":"2017-10-10T16:29:47","guid":{"rendered":"http:\/\/derechosinfronteras.pe\/?p=3143"},"modified":"2017-10-10T11:29:47","modified_gmt":"2017-10-10T16:29:47","slug":"human-rights-la-reconciliacion-no-es-un-argumento-para-indultar-a-fujimori","status":"publish","type":"post","link":"https:\/\/derechosinfronteras.pe\/ingles\/human-rights-la-reconciliacion-no-es-un-argumento-para-indultar-a-fujimori\/","title":{"rendered":"Human Rights: La reconciliaci\u00f3n no es un argumento para indultar a Fujimori"},"content":{"rendered":"<p style=\"text-align: justify;\">El director para las Am\u00e9ricas de la organizaci\u00f3n\u00a0<strong>Human Rights Watch, Jos\u00e9 Miguel Vivanco,<\/strong>\u00a0consider\u00f3 que la\u00a0<strong>reconciliaci\u00f3n no es un argumento<\/strong>\u00a0para\u00a0<strong>indul<\/strong>tar al expresidente, Alberto Fujimori, condenado por\u00a0<strong>cr\u00edmenes de lesa humanidad.<\/strong><\/p>\n<p style=\"text-align: justify;\">\u201cEl concepto de la reconciliaci\u00f3n, que es muy poderoso y es importante tenerlo presente en cualquier sociedad democr\u00e1tica, pero ese concepto no alcanza para justificar un trato selectivo o especial a alguien que ha sido condenado a 25 a\u00f1os por hechos de una gravedad extrema\u201d, enfatiz\u00f3.<\/p>\n<p style=\"text-align: justify;\">El exmandatario Alberto Fujimori fue condenado en el 2009 por las\u00a0<strong>matanzas en Barrios Altos y La Cantuta<\/strong>\u00a0y, adem\u00e1s, se sumaron sentencias por los secuestros en los s\u00f3tanos del SIE y actos de corrupci\u00f3n.<\/p>\n<p style=\"text-align: justify;\">\u201cFujimori no ha sido condenado por cargos fr\u00edvolos o menores, \u00e9l est\u00e1 cumpliendo pena por sus responsabilidad en materia de cr\u00edmenes de lesa humanidad y hechos de corrupci\u00f3n, de la mayor gravedad, quiz\u00e1s los hechos m\u00e1s graves cometidos en los \u00faltimos 30 o 40 a\u00f1os en Per\u00fa\u201d, agreg\u00f3 Vivanco.<\/p>\n<figure id=\"attachment_3145\" aria-describedby=\"caption-attachment-3145\" style=\"width: 700px\" class=\"wp-caption aligncenter\"><img fetchpriority=\"high\" decoding=\"async\" class=\"wp-image-3145 size-full\" src=\"http:\/\/derechosinfronteras.pe\/wp-content\/uploads\/2017\/10\/vivanco-111.jpg\" alt=\"\" width=\"700\" height=\"364\" \/><figcaption id=\"caption-attachment-3145\" class=\"wp-caption-text\">Jos\u00e9 Miguel Vivanco, director para las Am\u00e9ricas de la organizaci\u00f3n Human Rights Watch,<\/figcaption><\/figure>\n<p>\u201cLa pol\u00edtica se ejerce desde el Parlamento, con toda legitimidad, pero una vez que la justicia se pronuncia en un proceso donde hubo plenas garant\u00edas para el debido proceso de Fujimori, los fallos hay que acatarlos y hay que entender que las penas deben ser respetadas\u201d, repuso.<\/p>\n<p style=\"text-align: justify;\">En entrevista con Ideeleradio tambi\u00e9n critic\u00f3 al desempe\u00f1o de la bancada de Fuerza Popular que se comportan de una manera antidemocr\u00e1tica\u201d.<\/p>\n<p style=\"text-align: justify;\">\u201c(Veo) que est\u00e1n (estos congresistas) constantemente haciendo lo posible e imposible por torpedear a un gabinete y un gobierno que intenta cumplir con un programa de modernizaci\u00f3n y de avance democr\u00e1tico en el pa\u00eds. Eso es lamentable, refleja la degradaci\u00f3n del ejercicio pol\u00edtico por parte de ese sector del fujimorismo, que tiene una conducta que es antidemocr\u00e1tica\u201d, remarc\u00f3. (ECHA \u2013 Agencias)<\/p>\n<p style=\"text-align: right;\">Fuente: Cr\u00f3nica Viva<\/p>\n<p style=\"text-align: right;\">Foto: Miguelcha Gutierrez<\/p>","protected":false},"excerpt":{"rendered":"<p>El director para las Am\u00e9ricas de la organizaci\u00f3n\u00a0Human Rights Watch, Jos\u00e9 Miguel Vivanco,\u00a0consider\u00f3 que la\u00a0reconciliaci\u00f3n no es un argumento\u00a0para\u00a0indultar al expresidente, Alberto Fujimori, condenado por\u00a0cr\u00edmenes de lesa humanidad. \u201cEl concepto de la reconciliaci\u00f3n, que es muy poderoso y es importante tenerlo presente en cualquier sociedad democr\u00e1tica, pero ese concepto no alcanza para justificar un trato [&hellip;]<\/p>\n","protected":false},"author":1,"featured_media":4878,"comment_status":"closed","ping_status":"open","sticky":false,"template":"","format":"standard","meta":{"_monsterinsights_skip_tracking":false,"_monsterinsights_sitenote_active":false,"_monsterinsights_sitenote_note":"","_monsterinsights_sitenote_category":0,"_jetpack_memberships_contains_paid_content":false,"footnotes":"","jetpack_publicize_message":"","jetpack_publicize_feature_enabled":true,"jetpack_social_post_already_shared":false,"jetpack_social_options":{"image_generator_settings":{"template":"highway","default_image_id":0,"font":"","enabled":false},"version":2}},"categories":[1],"tags":[],"class_list":["post-4877","post","type-post","status-publish","format-standard","has-post-thumbnail","hentry","category-sin-categoria"],"blocksy_meta":[],"jetpack_publicize_connections":[],"jetpack_featured_media_url":"https:\/\/derechosinfronteras.pe\/wp-content\/uploads\/2017\/10\/22050305_10155819094824198_2025678844896374138_n-e1507652827558.jpg","jetpack_sharing_enabled":true,"jetpack_likes_enabled":true,"_links":{"self":[{"href":"https:\/\/derechosinfronteras.pe\/ingles\/wp-json\/wp\/v2\/posts\/4877","targetHints":{"allow":["GET"]}}],"collection":[{"href":"https:\/\/derechosinfronteras.pe\/ingles\/wp-json\/wp\/v2\/posts"}],"about":[{"href":"https:\/\/derechosinfronteras.pe\/ingles\/wp-json\/wp\/v2\/types\/post"}],"author":[{"embeddable":true,"href":"https:\/\/derechosinfronteras.pe\/ingles\/wp-json\/wp\/v2\/users\/1"}],"replies":[{"embeddable":true,"href":"https:\/\/derechosinfronteras.pe\/ingles\/wp-json\/wp\/v2\/comments?post=4877"}],"version-history":[{"count":0,"href":"https:\/\/derechosinfronteras.pe\/ingles\/wp-json\/wp\/v2\/posts\/4877\/revisions"}],"wp:featuredmedia":[{"embeddable":true,"href":"https:\/\/derechosinfronteras.pe\/ingles\/wp-json\/wp\/v2\/media\/4878"}],"wp:attachment":[{"href":"https:\/\/derechosinfronteras.pe\/ingles\/wp-json\/wp\/v2\/media?parent=4877"}],"wp:term":[{"taxonomy":"category","embeddable":true,"href":"https:\/\/derechosinfronteras.pe\/ingles\/wp-json\/wp\/v2\/categories?post=4877"},{"taxonomy":"post_tag","embeddable":true,"href":"https:\/\/derechosinfronteras.pe\/ingles\/wp-json\/wp\/v2\/tags?post=4877"}],"curies":[{"name":"wp","href":"https:\/\/api.w.org\/{rel}","templated":true}]}}