{"id":4882,"date":"2017-10-06T11:56:39","date_gmt":"2017-10-06T16:56:39","guid":{"rendered":"http:\/\/derechosinfronteras.pe\/?p=3129"},"modified":"2017-10-06T11:56:39","modified_gmt":"2017-10-06T16:56:39","slug":"el-otro-partido-que-pasaba-mientras-celebrabas-la-ilusion-de-ir-al-mundial","status":"publish","type":"post","link":"https:\/\/derechosinfronteras.pe\/ingles\/el-otro-partido-que-pasaba-mientras-celebrabas-la-ilusion-de-ir-al-mundial\/","title":{"rendered":"El otro partido: \u00bfQu\u00e9 pasaba mientras celebrabas la ilusi\u00f3n de ir al mundial?"},"content":{"rendered":"<p style=\"text-align: justify;\">Mientras todo el pa\u00eds celebraba la ilusi\u00f3n de ir al pr\u00f3ximo mundial de futbol, el gobierno jugaba su propio partido: El indulto al ex dictador Alberto Fujimori. Hoy, 06 de octubre, sorpresivamente aparece el comunicado en el Diario El Peruano de la reconformaci\u00f3n de la Comisi\u00f3n de Gracias Presidenciales.<\/p>\n<p style=\"text-align: justify;\">El Ministerio de Justicia acept\u00f3 la renuncia de Freddy Eduardo C\u00e1rdenas Meregildo como Director de la Direcci\u00f3n de Gracias Presidenciales, designando como nuevo director a Orlando Franchini Orsi.<\/p>\n<p style=\"text-align: justify;\">Lo m\u00e1s preocupante, es que, seg\u00fan resoluci\u00f3n N\u00b0 0249-2017, se dispone reconformar la Comisi\u00f3n de Gracias Presidenciales, la cual estar\u00e1 integrada por el mencionado Franchini Orsi y Jos\u00e9 Luis Espinoza Rivera; Luis Alberto Daniel Pastor Guitt\u00f3n; Mary Lourdes Mu\u00f1ante P\u00e9rez.<\/p>\n<p style=\"text-align: justify;\">La comisi\u00f3n de Gracias Presidenciales tiene cinco miembros, cuatro nombrados por el Minjus y uno por la PCM. Uno de los destinados por el Minjus deber\u00eda ser representante de la Socieda Civil, sin embargo, esta vez no fue as\u00ed. \u00a0\u2018Cambiar a todo el equipo de la Comisi\u00f3n de Gracias Presidenciales, dejar la Comisi\u00f3n sin representante de la sociedad civil, publicarlo cuando sab\u00edan que el pa\u00eds estar\u00eda distra\u00eddo&#8230;. despu\u00e9s no quieren que se hable del indulto&#8230;\u2019 cuestion\u00f3 desde su cuenta de facebook, Ana Mar\u00eda Vidal, Secretaria Adjunta de la Coordinadora Nacional de Derechos Humanos<\/p>\n<p style=\"text-align: justify;\"><strong>\u2018Yo no quiero un nuevo Legu\u00eda\u2019 <\/strong><\/p>\n<p style=\"text-align: justify;\">\u201cYo no conozco al se\u00f1or Franchini C\u00e1rdenas, le deseo todo lo mejor. Nosotros seguimos con mucho cuidado la salud de la gente interna de edad que sean el se\u00f1or Alberto Fujimori u otros. Tenemos que tener cuidado. Yo no quiero un nuevo Legu\u00eda\u201d, declar\u00f3 PPK para RPP Noticias, despu\u00e9s de haberse hecho p\u00fablica la noticia.<\/p>\n<p style=\"text-align: justify;\">\u00bfSe estar\u00e1 aprovechando el gobierno de la algarab\u00eda futbol\u00edstica para meterse un autogol indultando a Fujimori?<\/p>\n<div class=\"fb-post\" data-href=\"https:\/\/www.facebook.com\/derechossinfronteras.pe\/photos\/a.741549455963585.1073741826.339097252875476\/1408088979309626\/?type=3&#038;theater\" data-width=\"552\" style=\"background-color: #fff; display: inline-block;\"><\/div>","protected":false},"excerpt":{"rendered":"<p>Mientras todo el pa\u00eds celebraba la ilusi\u00f3n de ir al pr\u00f3ximo mundial de futbol, el gobierno jugaba su propio partido: El indulto al ex dictador Alberto Fujimori. Hoy, 06 de octubre, sorpresivamente aparece el comunicado en el Diario El Peruano de la reconformaci\u00f3n de la Comisi\u00f3n de Gracias Presidenciales. El Ministerio de Justicia acept\u00f3 la [&hellip;]<\/p>\n","protected":false},"author":1,"featured_media":4883,"comment_status":"closed","ping_status":"open","sticky":false,"template":"","format":"standard","meta":{"_monsterinsights_skip_tracking":false,"_monsterinsights_sitenote_active":false,"_monsterinsights_sitenote_note":"","_monsterinsights_sitenote_category":0,"_jetpack_memberships_contains_paid_content":false,"footnotes":"","jetpack_publicize_message":"","jetpack_publicize_feature_enabled":true,"jetpack_social_post_already_shared":false,"jetpack_social_options":{"image_generator_settings":{"template":"highway","default_image_id":0,"font":"","enabled":false},"version":2}},"categories":[1],"tags":[],"class_list":["post-4882","post","type-post","status-publish","format-standard","has-post-thumbnail","hentry","category-sin-categoria"],"blocksy_meta":[],"jetpack_publicize_connections":[],"jetpack_featured_media_url":"https:\/\/derechosinfronteras.pe\/wp-content\/uploads\/2017\/10\/22218526_10156075820034305_3806463922908634564_o.jpg","jetpack_sharing_enabled":true,"jetpack_likes_enabled":true,"_links":{"self":[{"href":"https:\/\/derechosinfronteras.pe\/ingles\/wp-json\/wp\/v2\/posts\/4882","targetHints":{"allow":["GET"]}}],"collection":[{"href":"https:\/\/derechosinfronteras.pe\/ingles\/wp-json\/wp\/v2\/posts"}],"about":[{"href":"https:\/\/derechosinfronteras.pe\/ingles\/wp-json\/wp\/v2\/types\/post"}],"author":[{"embeddable":true,"href":"https:\/\/derechosinfronteras.pe\/ingles\/wp-json\/wp\/v2\/users\/1"}],"replies":[{"embeddable":true,"href":"https:\/\/derechosinfronteras.pe\/ingles\/wp-json\/wp\/v2\/comments?post=4882"}],"version-history":[{"count":0,"href":"https:\/\/derechosinfronteras.pe\/ingles\/wp-json\/wp\/v2\/posts\/4882\/revisions"}],"wp:featuredmedia":[{"embeddable":true,"href":"https:\/\/derechosinfronteras.pe\/ingles\/wp-json\/wp\/v2\/media\/4883"}],"wp:attachment":[{"href":"https:\/\/derechosinfronteras.pe\/ingles\/wp-json\/wp\/v2\/media?parent=4882"}],"wp:term":[{"taxonomy":"category","embeddable":true,"href":"https:\/\/derechosinfronteras.pe\/ingles\/wp-json\/wp\/v2\/categories?post=4882"},{"taxonomy":"post_tag","embeddable":true,"href":"https:\/\/derechosinfronteras.pe\/ingles\/wp-json\/wp\/v2\/tags?post=4882"}],"curies":[{"name":"wp","href":"https:\/\/api.w.org\/{rel}","templated":true}]}}