{"id":4884,"date":"2017-10-05T19:12:03","date_gmt":"2017-10-06T00:12:03","guid":{"rendered":"http:\/\/derechosinfronteras.pe\/?p=3126"},"modified":"2017-10-05T19:12:03","modified_gmt":"2017-10-06T00:12:03","slug":"tuman-pnp-protesta-en-contra-el-ministro-del-interior","status":"publish","type":"post","link":"https:\/\/derechosinfronteras.pe\/ingles\/tuman-pnp-protesta-en-contra-el-ministro-del-interior\/","title":{"rendered":"Tum\u00e1n: PNP protesta en contra el Ministro del Interior"},"content":{"rendered":"<p style=\"text-align: justify;\">05 de octubre.\u00a0Con el letrero <strong>\u2018Basombr\u00edo: a la Polic\u00eda Nacional se le respeta\u2019<\/strong>, el PNP identificado como Jos\u00e9 Luis Torres Castro (57), se subi\u00f3 hasta el campanario de la parroquia del distrito de Tum\u00e1n (Lambayeque), y permaneci\u00f3 en el lugar por m\u00e1s de tres horas. La raz\u00f3n de su protesta: rechazar el maltrato del Ministro del Interio, <strong>Carlos Basombr\u00edo<\/strong>, contra los efectivos policiales que permanecen en el distrito a causa del estado de emergencia.<\/p>\n<p style=\"text-align: justify;\">Como se recuerda, el 15 de setiembre, con D.S. N\u00b0 093-2017-PCM, el gobierno decidi\u00f3 ampliar el Estado de Emergencia en el distrito azucarero de Tum\u00e1n y en Challhuahuacho, Haquira y Mara, distritos de la provincia de Cotabamabas, Apur\u00edmac. Un estado de emergencia, implica movilidad y permanencia en la zona de las Fuerzas Armadas y Policiales.<\/p>\n<p style=\"text-align: justify;\">Torres Castro, es natural de Tum\u00e1n y miembro de la Unidad de Servicios Especiales (USE), y denunci\u00f3 que como polic\u00edas est\u00e1n recibiendo ordenes de actuar con violencia contra la poblaci\u00f3n tumane\u00f1a, quienes exigen la salida de la administraci\u00f3n de Edwin Oviedo de la empresa azucarera.<\/p>\n<p style=\"text-align: justify;\">La acci\u00f3n del polic\u00eda ha sido bien recibida por la poblaci\u00f3n de Tum\u00e1n, quienes se niegan a retornar a trabajar a la empresa azucarera mientras Oviedo tenga injerencia administrativa. A pesar del estado de emergencia, realizaron un plant\u00f3n al exterior de la parroquia, respaldando la acci\u00f3n del Torres.<\/p>\n<p style=\"text-align: justify;\"><strong>Caso Cotabambas<\/strong><\/p>\n<p style=\"text-align: justify;\">D\u00edas atr\u00e1s, a trav\u00e9s de las redes sociales, se ha denunciado tambi\u00e9n el maltrato de soldados de Andahuaylas, quienes, a ra\u00edz del estado de emergencia, han sido enviados a cuidar el campamento minero de \u2018Las Bambas\u2019, una zona altamente fr\u00eda, y sin recibir la alimentaci\u00f3n y el abrigo adecuado.<\/p>\n<div class=\"fb-post\" data-href=\"https:\/\/www.facebook.com\/apurimaqdigital\/photos\/a.208842222985422.1073741828.208795202990124\/220854391784205\/?type=3&#038;theater\" data-width=\"552\" style=\"background-color: #fff; display: inline-block;\"><\/div>\n<p>&nbsp;<\/p>\n<p>\u00bfQue implica un Estado de Emergencia?<\/p>\n<div class=\"fb-post\" data-href=\"https:\/\/www.facebook.com\/derechossinfronteras.pe\/photos\/a.741549455963585.1073741826.339097252875476\/1337506013034590\/?type=3&#038;theater\" data-width=\"552\" style=\"background-color: #fff; display: inline-block;\"><\/div>\n<p>&nbsp;<\/p>","protected":false},"excerpt":{"rendered":"<p>05 de octubre.\u00a0Con el letrero \u2018Basombr\u00edo: a la Polic\u00eda Nacional se le respeta\u2019, el PNP identificado como Jos\u00e9 Luis Torres Castro (57), se subi\u00f3 hasta el campanario de la parroquia del distrito de Tum\u00e1n (Lambayeque), y permaneci\u00f3 en el lugar por m\u00e1s de tres horas. La raz\u00f3n de su protesta: rechazar el maltrato del Ministro [&hellip;]<\/p>\n","protected":false},"author":1,"featured_media":4885,"comment_status":"closed","ping_status":"open","sticky":false,"template":"","format":"standard","meta":{"_monsterinsights_skip_tracking":false,"_monsterinsights_sitenote_active":false,"_monsterinsights_sitenote_note":"","_monsterinsights_sitenote_category":0,"_jetpack_memberships_contains_paid_content":false,"footnotes":"","jetpack_publicize_message":"","jetpack_publicize_feature_enabled":true,"jetpack_social_post_already_shared":false,"jetpack_social_options":{"image_generator_settings":{"template":"highway","default_image_id":0,"font":"","enabled":false},"version":2}},"categories":[1],"tags":[],"class_list":["post-4884","post","type-post","status-publish","format-standard","has-post-thumbnail","hentry","category-sin-categoria"],"blocksy_meta":[],"jetpack_publicize_connections":[],"jetpack_featured_media_url":"https:\/\/derechosinfronteras.pe\/wp-content\/uploads\/2017\/10\/22310129_1532199783505173_688257950873186746_n.jpg","jetpack_sharing_enabled":true,"jetpack_likes_enabled":true,"_links":{"self":[{"href":"https:\/\/derechosinfronteras.pe\/ingles\/wp-json\/wp\/v2\/posts\/4884","targetHints":{"allow":["GET"]}}],"collection":[{"href":"https:\/\/derechosinfronteras.pe\/ingles\/wp-json\/wp\/v2\/posts"}],"about":[{"href":"https:\/\/derechosinfronteras.pe\/ingles\/wp-json\/wp\/v2\/types\/post"}],"author":[{"embeddable":true,"href":"https:\/\/derechosinfronteras.pe\/ingles\/wp-json\/wp\/v2\/users\/1"}],"replies":[{"embeddable":true,"href":"https:\/\/derechosinfronteras.pe\/ingles\/wp-json\/wp\/v2\/comments?post=4884"}],"version-history":[{"count":0,"href":"https:\/\/derechosinfronteras.pe\/ingles\/wp-json\/wp\/v2\/posts\/4884\/revisions"}],"wp:featuredmedia":[{"embeddable":true,"href":"https:\/\/derechosinfronteras.pe\/ingles\/wp-json\/wp\/v2\/media\/4885"}],"wp:attachment":[{"href":"https:\/\/derechosinfronteras.pe\/ingles\/wp-json\/wp\/v2\/media?parent=4884"}],"wp:term":[{"taxonomy":"category","embeddable":true,"href":"https:\/\/derechosinfronteras.pe\/ingles\/wp-json\/wp\/v2\/categories?post=4884"},{"taxonomy":"post_tag","embeddable":true,"href":"https:\/\/derechosinfronteras.pe\/ingles\/wp-json\/wp\/v2\/tags?post=4884"}],"curies":[{"name":"wp","href":"https:\/\/api.w.org\/{rel}","templated":true}]}}