{"id":4886,"date":"2017-10-05T12:43:21","date_gmt":"2017-10-05T17:43:21","guid":{"rendered":"http:\/\/derechosinfronteras.pe\/?p=3121"},"modified":"2017-10-05T12:43:21","modified_gmt":"2017-10-05T17:43:21","slug":"valle-sagrado-incendio-forestal-esta-desapareciendo-bosques-de-calca-y-urubamba","status":"publish","type":"post","link":"https:\/\/derechosinfronteras.pe\/ingles\/valle-sagrado-incendio-forestal-esta-desapareciendo-bosques-de-calca-y-urubamba\/","title":{"rendered":"Valle Sagrado: incendio forestal est\u00e1 desapareciendo bosques de Calca y Urubamba"},"content":{"rendered":"<p style=\"text-align: justify;\">05 de octubre.- El 30 de setiembre inici\u00f3 un incendio forestal que est\u00e1 desapareciendo los bosques y \u00e1reas verdes de las provincias de Calca y Urubamba. Hasta la fecha, los esfuerzos de las y los comuneros, y voluntarios de algunas zonas del Cusco no han podido controlar el incendio.<\/p>\n<p style=\"text-align: justify;\">Se estima que m\u00e1s de 200 hect\u00e1reas de bosques naturales han sido consumidas a causa del incendio. Los distritos m\u00e1s afectados son Huayoccari (Urubamba) y Huaran (Calca). Hasta la zona ha llegado personal de la Compa\u00f1\u00eda de Bomberos, quienes con su apoyo han logrado apagar gran parte de los incendios, mientras que Defensa Civil y Serenazgo cumplieron un rol m\u00e1s de fiscalizaci\u00f3n. Cuando se cre\u00eda que el incendio estaba controlado, los fuertes vientos reviv\u00edan el fuego.<\/p>\n<p style=\"text-align: justify;\">La mayor preocupaci\u00f3n de las y los comuneros, es que el incendio llegu\u00e9 hasta sus chacras y desaparezca sus \u00fanicos medios de vida. No solo diferentes especies de \u00e1rboles est\u00e1n desapareciendo, sino tambi\u00e9n algunos animales cuyo h\u00e1bitat natural es en esta zona. Algunas zonas han reportado la p\u00e9rdida de sus ganados. Se ha perdido cientos de hect\u00e1reas de pastizales naturales, que serv\u00edan de alimento para el ganado de los comuneros, la gente sub\u00eda al cerro diariamente a cortar paja para vender, como material de construcci\u00f3n de adobes, de alguna forma han perdido un medio de ingreso econ\u00f3mico. Los bosques, algunos de m\u00e1s de 300 a\u00f1os de vida y que serv\u00edan de refugio para muchos animales y aves han quedado reducidos a cenizas.<\/p>\n<p style=\"text-align: justify;\">Aunque para hoy, los incendios aparentan estar controlados,\u00a0por la zona de San Salvador, cerca al Pachatus\u00e1n, en el santuario de Huanca, y en Echarati, Quillabamba\u00a0han brotado nuevos incendios.\u00a0<strong>Si quieres apoyar, se necesita:<\/strong><\/p>\n<p style=\"text-align: justify;\">-Picos y palas<\/p>\n<p style=\"text-align: justify;\">-Baldes<\/p>\n<p style=\"text-align: justify;\">-Camiones Cisterna (De alguna instituci\u00f3n o Municipalidad)<\/p>\n<p style=\"text-align: justify;\">-Agua<\/p>\n<p style=\"text-align: justify;\">-Bebidas rehidratantes y Alimentos no perecibles<\/p>\n<p style=\"text-align: justify;\">-Sogas<\/p>\n<p style=\"text-align: justify;\">-Voluntarias\/os para iniciar actividades de forestaci\u00f3n<\/p>\n<p style=\"text-align: justify;\">Cualquier comunicaci\u00f3n al:\u00a0950379595 &#8211; Urpi Herrera Delgado<\/p>","protected":false},"excerpt":{"rendered":"<p>05 de octubre.- El 30 de setiembre inici\u00f3 un incendio forestal que est\u00e1 desapareciendo los bosques y \u00e1reas verdes de las provincias de Calca y Urubamba. Hasta la fecha, los esfuerzos de las y los comuneros, y voluntarios de algunas zonas del Cusco no han podido controlar el incendio. Se estima que m\u00e1s de 200 [&hellip;]<\/p>\n","protected":false},"author":1,"featured_media":4887,"comment_status":"closed","ping_status":"open","sticky":false,"template":"","format":"standard","meta":{"_monsterinsights_skip_tracking":false,"_monsterinsights_sitenote_active":false,"_monsterinsights_sitenote_note":"","_monsterinsights_sitenote_category":0,"_jetpack_memberships_contains_paid_content":false,"footnotes":"","jetpack_publicize_message":"","jetpack_publicize_feature_enabled":true,"jetpack_social_post_already_shared":false,"jetpack_social_options":{"image_generator_settings":{"template":"highway","default_image_id":0,"font":"","enabled":false},"version":2}},"categories":[1],"tags":[],"class_list":["post-4886","post","type-post","status-publish","format-standard","has-post-thumbnail","hentry","category-sin-categoria"],"blocksy_meta":[],"jetpack_publicize_connections":[],"jetpack_featured_media_url":"https:\/\/derechosinfronteras.pe\/wp-content\/uploads\/2017\/10\/22140845_10156360717136789_6338897934223050701_n.jpg","jetpack_sharing_enabled":true,"jetpack_likes_enabled":true,"_links":{"self":[{"href":"https:\/\/derechosinfronteras.pe\/ingles\/wp-json\/wp\/v2\/posts\/4886","targetHints":{"allow":["GET"]}}],"collection":[{"href":"https:\/\/derechosinfronteras.pe\/ingles\/wp-json\/wp\/v2\/posts"}],"about":[{"href":"https:\/\/derechosinfronteras.pe\/ingles\/wp-json\/wp\/v2\/types\/post"}],"author":[{"embeddable":true,"href":"https:\/\/derechosinfronteras.pe\/ingles\/wp-json\/wp\/v2\/users\/1"}],"replies":[{"embeddable":true,"href":"https:\/\/derechosinfronteras.pe\/ingles\/wp-json\/wp\/v2\/comments?post=4886"}],"version-history":[{"count":0,"href":"https:\/\/derechosinfronteras.pe\/ingles\/wp-json\/wp\/v2\/posts\/4886\/revisions"}],"wp:featuredmedia":[{"embeddable":true,"href":"https:\/\/derechosinfronteras.pe\/ingles\/wp-json\/wp\/v2\/media\/4887"}],"wp:attachment":[{"href":"https:\/\/derechosinfronteras.pe\/ingles\/wp-json\/wp\/v2\/media?parent=4886"}],"wp:term":[{"taxonomy":"category","embeddable":true,"href":"https:\/\/derechosinfronteras.pe\/ingles\/wp-json\/wp\/v2\/categories?post=4886"},{"taxonomy":"post_tag","embeddable":true,"href":"https:\/\/derechosinfronteras.pe\/ingles\/wp-json\/wp\/v2\/tags?post=4886"}],"curies":[{"name":"wp","href":"https:\/\/api.w.org\/{rel}","templated":true}]}}