{"id":4888,"date":"2017-10-03T18:04:50","date_gmt":"2017-10-03T23:04:50","guid":{"rendered":"http:\/\/derechosinfronteras.pe\/?p=3115"},"modified":"2017-10-03T18:04:50","modified_gmt":"2017-10-03T23:04:50","slug":"estaprobado-victimas-de-esterilizaciones-forzadas-exigen-que-su-proceso-sea-considerado-como-crimen-de-lesa-humanidad","status":"publish","type":"post","link":"https:\/\/derechosinfronteras.pe\/ingles\/estaprobado-victimas-de-esterilizaciones-forzadas-exigen-que-su-proceso-sea-considerado-como-crimen-de-lesa-humanidad\/","title":{"rendered":"#Est\u00e1Probado: V\u00edctimas de esterilizaciones forzadas exigen que su proceso sea considerado crimen de lesa humanidad"},"content":{"rendered":"<p style=\"text-align: justify;\">03 de octubre. A partir del media d\u00eda, mujeres v\u00edctimas de esterilizaciones forzadas durante el gobierno de Alberto Fujimori, en colaboraci\u00f3n con DEMUS y la CNDDHH, realizaron una conferencia de prensa en la capital. El motivo: exhortar al gobierno que no indulte al ex presidente, adem\u00e1s de exigir que su proceso judicial empiece a considerarse con crimen de lesa humanidad.<\/p>\n<p style=\"text-align: justify;\">Durante la conferencia se escucharon los testimonios de las presidentas de las organizaciones de mujeres esterilizadas en todo el Per\u00fa: In\u00e9s Condori de Chumbivilcas,\u00a0 Ruthe Zuniga de Anta, Nilda Guerrero de Huancabamba, Victoria Vigo de Pirua, Dionicia Calder\u00f3n de Ayacucho; \u00a0Adem\u00e1s se cont\u00f3 con la presencia de Milton Campos Castillo, Abogado de DEMUS, Gonzalo Gianella Malca, m\u00e9dico cirujano, Mar\u00eda Isabel Cedano, directora de DEMUS y Jorge Bracamonte, Secretario Ejecutivo de la CNDDHH, quienes presentaron pruebas y documentos que certifican que este crimen debe ser considerado como de lesa humanidad.<\/p>\n<p><strong>Pol\u00edtica sistem\u00e1tica <\/strong><\/p>\n<p>#Est\u00e1Probado que el\u00a0<strong>Programa Nacional de Salud Reproductiva y Planificaci\u00f3n Familiar (PNSRPF)<\/strong>, implementado por\u00a0<strong>Alberto Fujimori en 1995<\/strong>, termin\u00f3 siendo un instrumento de control demogr\u00e1fico obligatorio bajo el que se realizaron innumerables esterilizaciones forzadas sujetas a un sistema de cuotas que viol\u00f3 los derechos fundamentales de miles de mujeres y hombres de comunidades ind\u00edgenas y campesinas. El PNSRPF se convirti\u00f3 en el programa m\u00e1s compulsivo y violento de Am\u00e9rica Latina, pues no solo se realiz\u00f3 bajo enga\u00f1o o coacci\u00f3n sino en deplorables condiciones m\u00e9dicas.<\/p>\n<p><strong>&#8216;Este situaci\u00f3n la hemos vivido las regiones m\u00e1s pobres del Per\u00fa.\u00a0 \u00bfPor qu\u00e9 el gobierno no empez\u00f3 en Lima? han esterilizado a mujeres quechuahablantes, que no sabemos leer ni escribir y que en esos tiempos tambi\u00e9n desconoc\u00edamos nuestros derechos&#8217; <\/strong>declar\u00f3 In\u00e9s Condori, Presidenta de la Asociaci\u00f3n de mujeres v\u00edctimas de esterilizaciones forzadas de Chumbivilcas<\/p>\n<p><strong>Casos en Cusco<\/strong><\/p>\n<p>En Cusco las provincias de\u00a0<strong>Anta y Chumbivilcas<\/strong>\u00a0fueron las m\u00e1s afectadas por casos de esterilizaci\u00f3n. El Estado ha emprendido el proceso de\u00a0<strong>Registro de V\u00edctimas de Esterilizaciones Forzadas (REVIESFO)<\/strong>, que hasta el 31 de diciembre del 2016, se han registrado 1321 v\u00edctimas:<\/p>\n<div class=\"fb-post\" data-href=\"https:\/\/www.facebook.com\/derechossinfronteras.pe\/photos\/a.741549455963585.1073741826.339097252875476\/1370596123058912\/?type=3&#038;theater\" data-width=\"552\" style=\"background-color: #fff; display: inline-block;\"><\/div>\n<p><strong>*Para inscribirse al REVIESFO, debe acercarse a la Direcci\u00f3n Distrital de Defensa P\u00fablica y Acceso a la Justicia: Av. Micaela Bastidas #657 \u2013 D, Wanchaq. Telf. 084-241868. De 7:30 a.m. a 1:00 p.m. y de 2:00 p.m. a 5:00 p.m.<\/strong><\/p>","protected":false},"excerpt":{"rendered":"<p>03 de octubre. A partir del media d\u00eda, mujeres v\u00edctimas de esterilizaciones forzadas durante el gobierno de Alberto Fujimori, en colaboraci\u00f3n con DEMUS y la CNDDHH, realizaron una conferencia de prensa en la capital. El motivo: exhortar al gobierno que no indulte al ex presidente, adem\u00e1s de exigir que su proceso judicial empiece a considerarse [&hellip;]<\/p>\n","protected":false},"author":1,"featured_media":4889,"comment_status":"closed","ping_status":"open","sticky":false,"template":"","format":"standard","meta":{"_monsterinsights_skip_tracking":false,"_monsterinsights_sitenote_active":false,"_monsterinsights_sitenote_note":"","_monsterinsights_sitenote_category":0,"_jetpack_memberships_contains_paid_content":false,"footnotes":"","jetpack_publicize_message":"","jetpack_publicize_feature_enabled":true,"jetpack_social_post_already_shared":false,"jetpack_social_options":{"image_generator_settings":{"template":"highway","default_image_id":0,"font":"","enabled":false},"version":2}},"categories":[1],"tags":[],"class_list":["post-4888","post","type-post","status-publish","format-standard","has-post-thumbnail","hentry","category-sin-categoria"],"blocksy_meta":[],"jetpack_publicize_connections":[],"jetpack_featured_media_url":"https:\/\/derechosinfronteras.pe\/wp-content\/uploads\/2017\/10\/EstaProbado-e1507071851253.jpg","jetpack_sharing_enabled":true,"jetpack_likes_enabled":true,"_links":{"self":[{"href":"https:\/\/derechosinfronteras.pe\/ingles\/wp-json\/wp\/v2\/posts\/4888","targetHints":{"allow":["GET"]}}],"collection":[{"href":"https:\/\/derechosinfronteras.pe\/ingles\/wp-json\/wp\/v2\/posts"}],"about":[{"href":"https:\/\/derechosinfronteras.pe\/ingles\/wp-json\/wp\/v2\/types\/post"}],"author":[{"embeddable":true,"href":"https:\/\/derechosinfronteras.pe\/ingles\/wp-json\/wp\/v2\/users\/1"}],"replies":[{"embeddable":true,"href":"https:\/\/derechosinfronteras.pe\/ingles\/wp-json\/wp\/v2\/comments?post=4888"}],"version-history":[{"count":0,"href":"https:\/\/derechosinfronteras.pe\/ingles\/wp-json\/wp\/v2\/posts\/4888\/revisions"}],"wp:featuredmedia":[{"embeddable":true,"href":"https:\/\/derechosinfronteras.pe\/ingles\/wp-json\/wp\/v2\/media\/4889"}],"wp:attachment":[{"href":"https:\/\/derechosinfronteras.pe\/ingles\/wp-json\/wp\/v2\/media?parent=4888"}],"wp:term":[{"taxonomy":"category","embeddable":true,"href":"https:\/\/derechosinfronteras.pe\/ingles\/wp-json\/wp\/v2\/categories?post=4888"},{"taxonomy":"post_tag","embeddable":true,"href":"https:\/\/derechosinfronteras.pe\/ingles\/wp-json\/wp\/v2\/tags?post=4888"}],"curies":[{"name":"wp","href":"https:\/\/api.w.org\/{rel}","templated":true}]}}