{"id":4892,"date":"2017-09-27T17:18:35","date_gmt":"2017-09-27T22:18:35","guid":{"rendered":"http:\/\/derechosinfronteras.pe\/?p=3103"},"modified":"2017-09-27T17:18:35","modified_gmt":"2017-09-27T22:18:35","slug":"espinar-autoridad-nacional-del-agua-autoriza-a-antapaccay-verter-aguas-residuales-en-cuenca-canipia","status":"publish","type":"post","link":"https:\/\/derechosinfronteras.pe\/ingles\/espinar-autoridad-nacional-del-agua-autoriza-a-antapaccay-verter-aguas-residuales-en-cuenca-canipia\/","title":{"rendered":"Espinar: Autoridad Nacional del Agua autoriza a \u2018Antapaccay\u2019 verter aguas residuales en cuenca Ca\u00f1ipia"},"content":{"rendered":"<p style=\"text-align: justify;\">Los problemas ambientales, y en particular la posible afectaci\u00f3n de las aguas de la cuenca del Ca\u00f1ipia en Espinar podr\u00eda complicarse, \u00a0\u00a0pues la Autoridad Nacional del Agua (ANA) emiti\u00f3 una resoluci\u00f3n que autoriza a la empresa minera Glencore Antapaccay el vertimiento de aguas residuales en el r\u00edo Ca\u00f1ipia.<\/p>\n<p style=\"text-align: justify;\">La empresa en menci\u00f3n, solicit\u00f3 la <strong>autorizaci\u00f3n de vertimiento de aguas residuales industriales tratadas, provenientes de los tajos Norte y Sur<\/strong>, conducidas a la Planta de Tratamiento de Aguas Excedente-PTAE del Proyecto Minero Antapaccay &#8211; Expansi\u00f3n Tintaya, <strong>el cuerpo receptor de esta actividad ser\u00eda el r\u00edo Ca\u00f1ipia<\/strong>, espec\u00edficamente en 2 zonas: la primera abajo del vertimiento, <strong>bocatoma del canal San Jos\u00e9<\/strong>, en la comunidad de <strong>Alto Huarca<\/strong> y la segunda en la parte baja de la <strong>confluencia con el r\u00edo Choco<\/strong> y aguas arriba del vertimiento. De acuerdo a todos los procesos administrativos que implica el tr\u00e1mite finalmente la Autoridad Nacional del Agua emite la <strong>R.D. 131-2017-ANA-DGCRH<\/strong>, donde autoriza el vertimiento con una vigencia de 03 a\u00f1os, dicha fuente de agua est\u00e1 clasificado con la Categor\u00eda 3: <strong>\u00abRiego de vegetales y bebida de animales\u00bb<\/strong>. Esta disposici\u00f3n est\u00e1 sujeta a:<\/p>\n<ol style=\"text-align: justify;\">\n<li>La fiscalizaci\u00f3n de la ANA para monitorear de acuerdo a los par\u00e1metros establecidos en el <strong>D.S. N\u00ba 010-2010-MINAM<\/strong>, donde los par\u00e1metros de control ser\u00e1n: pH, T\u00b0C, 0D, SST, algunos metales pesados como el ars\u00e9nico, plomo, cadmio, mercurio, zinc y hierro as\u00ed como tambi\u00e9n cianuro WAD, aceites y grasas. Adem\u00e1s del caudal y volumen acumulado.<\/li>\n<li>Al pago de la retribuci\u00f3n econ\u00f3mica por el vertimiento de aguas residuales industriales tratadas de un volumen anual de 3 153 600 m\u00b3\/a\u00f1o.<\/li>\n<li>A tomar las medidas necesarias para mejorar el sistema de tratamiento de aguas residuales industriales y de esta manera minimizar la afectaci\u00f3n al cuerpo receptor.<\/li>\n<li>A contar con un sistema de medici\u00f3n de caudal para el vertimiento autorizado, instalaci\u00f3n que deber\u00e1 ser reportada en el primer reporte de monitoreo trimestral.<\/li>\n<li>Brindar las facilidades del caso a los representantes de la Autoridad Nacional del Agua para realizar las labores de fiscalizaci\u00f3n.<\/li>\n<\/ol>\n<p style=\"text-align: justify;\">El volumen del caudal autorizado es de 100 l\/s (litros por segundo), alcanzando un volumen anual de 3 153 600 m\u00b3\/a\u00f1o, y podr\u00eda ampliarse en su m\u00e1xima capacidad hasta 350 l\/s de acuerdo a la actualizaci\u00f3n de su instrumento de Gesti\u00f3n Ambiental. Toda esta informaci\u00f3n est\u00e1 contenida en la resoluci\u00f3n mencionada.<\/p>\n<p style=\"text-align: justify;\">Sin embargo quedan varias dudas y preocupaciones. Primero, la ANA ya aprob\u00f3 dicha petici\u00f3n de la empresa minera sin informaci\u00f3n previa, <strong>ni mucho menos fue consultada a los pobladores del entorno minero y de la cuenca del Ca\u00f1ipia<\/strong>, sabemos que ello no es parte del proceso, pero hubiese ayudado a transparentar dicha acci\u00f3n con la poblaci\u00f3n que habita en la zona. De otro lado el inicio del vertimiento ya es visible en cuanto al caudal del r\u00edo Ca\u00f1ipia, muchos de los comuneros que habitan en la zona quedaron sorprendidos al observar que la cantidad de agua aumento sustancialmente, no se sabe que impactos se va a generar en las poblaciones aleda\u00f1as al rio Ca\u00f1ipia, si el agua es apta para consumo animal y para riego son algunas preguntas que se hacen.<\/p>\n<p style=\"text-align: justify;\">Creemos que es necesario implementar monitoreos del agua permanentes y adem\u00e1s participativos por parte de la empresa y de las instancias estatales (ANA, OEFA) en la cuenca del Ca\u00f1ipia, pero adem\u00e1s pedir transparencia en el control que se har\u00e1n a la calidad y cantidad del agua, para no afectar ning\u00fan tipo de vida que use o habite en la cuenca.<\/p>\n<p style=\"text-align: justify;\">As\u00ed mismo las inspecciones tambi\u00e9n deben ser realizadas por la DIGESA para evitar posibles da\u00f1os a la salud humana por contaminantes ambientales. Consideramos tambi\u00e9n que el trabajo que viene realizando <a href=\"http:\/\/derechosinfronteras.pe\/ingles\/\">Derechos Humanos Sin Fronteras<\/a> a nivel de monitoreos comunitarios del agua en el Ca\u00f1ipia podr\u00edan servir para establecer una l\u00ednea de base y hacer an\u00e1lisis comparativos con los resultados despu\u00e9s del vertimiento de las aguas de la mina.<\/p>\n<p style=\"text-align: justify;\">Mientras estos aspectos no est\u00e9n claros la poblaci\u00f3n va a desconfiar de la resoluci\u00f3n que ha autorizado el ANA a la empresa minera, ya que los da\u00f1os al medio ambiente y por ende a la salud de las personas en el entorno minero son cada vez m\u00e1s evidentes.<\/p>","protected":false},"excerpt":{"rendered":"<p>Los problemas ambientales, y en particular la posible afectaci\u00f3n de las aguas de la cuenca del Ca\u00f1ipia en Espinar podr\u00eda complicarse, \u00a0\u00a0pues la Autoridad Nacional del Agua (ANA) emiti\u00f3 una resoluci\u00f3n que autoriza a la empresa minera Glencore Antapaccay el vertimiento de aguas residuales en el r\u00edo Ca\u00f1ipia. La empresa en menci\u00f3n, solicit\u00f3 la autorizaci\u00f3n [&hellip;]<\/p>\n","protected":false},"author":1,"featured_media":4893,"comment_status":"closed","ping_status":"open","sticky":false,"template":"","format":"standard","meta":{"_monsterinsights_skip_tracking":false,"_monsterinsights_sitenote_active":false,"_monsterinsights_sitenote_note":"","_monsterinsights_sitenote_category":0,"_jetpack_memberships_contains_paid_content":false,"footnotes":"","jetpack_publicize_message":"","jetpack_publicize_feature_enabled":true,"jetpack_social_post_already_shared":false,"jetpack_social_options":{"image_generator_settings":{"template":"highway","default_image_id":0,"font":"","enabled":false},"version":2}},"categories":[1],"tags":[],"class_list":["post-4892","post","type-post","status-publish","format-standard","has-post-thumbnail","hentry","category-sin-categoria"],"blocksy_meta":[],"jetpack_publicize_connections":[],"jetpack_featured_media_url":"https:\/\/derechosinfronteras.pe\/wp-content\/uploads\/2017\/09\/canipia-e1506550340351.jpg","jetpack_sharing_enabled":true,"jetpack_likes_enabled":true,"_links":{"self":[{"href":"https:\/\/derechosinfronteras.pe\/ingles\/wp-json\/wp\/v2\/posts\/4892","targetHints":{"allow":["GET"]}}],"collection":[{"href":"https:\/\/derechosinfronteras.pe\/ingles\/wp-json\/wp\/v2\/posts"}],"about":[{"href":"https:\/\/derechosinfronteras.pe\/ingles\/wp-json\/wp\/v2\/types\/post"}],"author":[{"embeddable":true,"href":"https:\/\/derechosinfronteras.pe\/ingles\/wp-json\/wp\/v2\/users\/1"}],"replies":[{"embeddable":true,"href":"https:\/\/derechosinfronteras.pe\/ingles\/wp-json\/wp\/v2\/comments?post=4892"}],"version-history":[{"count":0,"href":"https:\/\/derechosinfronteras.pe\/ingles\/wp-json\/wp\/v2\/posts\/4892\/revisions"}],"wp:featuredmedia":[{"embeddable":true,"href":"https:\/\/derechosinfronteras.pe\/ingles\/wp-json\/wp\/v2\/media\/4893"}],"wp:attachment":[{"href":"https:\/\/derechosinfronteras.pe\/ingles\/wp-json\/wp\/v2\/media?parent=4892"}],"wp:term":[{"taxonomy":"category","embeddable":true,"href":"https:\/\/derechosinfronteras.pe\/ingles\/wp-json\/wp\/v2\/categories?post=4892"},{"taxonomy":"post_tag","embeddable":true,"href":"https:\/\/derechosinfronteras.pe\/ingles\/wp-json\/wp\/v2\/tags?post=4892"}],"curies":[{"name":"wp","href":"https:\/\/api.w.org\/{rel}","templated":true}]}}