{"id":4896,"date":"2017-09-25T13:07:43","date_gmt":"2017-09-25T18:07:43","guid":{"rendered":"http:\/\/derechosinfronteras.pe\/?p=3092"},"modified":"2017-09-25T13:07:43","modified_gmt":"2017-09-25T18:07:43","slug":"amazonia-viva-humanidad-segura-firma-la-carta-de-lideres-indigenas","status":"publish","type":"post","link":"https:\/\/derechosinfronteras.pe\/ingles\/amazonia-viva-humanidad-segura-firma-la-carta-de-lideres-indigenas\/","title":{"rendered":"Amazon\u00eda Viva, Humanidad Segura: Firma la carta de l\u00edderes ind\u00edgenas"},"content":{"rendered":"<p style=\"text-align: justify;\"><strong>Para: Autoridades ONU (CERD, ONU AMBIENTE, PNUD, OIT, OMS, FAO, CMNUCC, CDB, UNESCO, Relatora Especial para Pueblos Ind\u00edgenas); Gobiernos pa\u00edses amaz\u00f3nicos<\/strong><\/p>\n<p style=\"text-align: justify;\">Estimada Sra. Victoria Tauli-Corpuz, Relatora Especial ONU para Pueblos Ind\u00edgenas,<br \/>\nEstimado Sr. Erik Solheim, Director Ejecutivo de ONU-AMBIENTE,<br \/>\nEstimado Sr. Ib Petersen, Presidente de la Junta Ejecutiva de PNUD,<br \/>\nEstimado Sr. Guy Ryder, Director OIT,<br \/>\nEstimada Sra. Anastasia CRICKLEY, Presidenta de CERD,<br \/>\nEstimado Dr. Tedros Adhanom Ghebreyesus, Director General OMS,<br \/>\nEstimado Sr. Jos\u00e9 Graziano da Silva, Director General FAO,<br \/>\nEstimada Sra. Patricia Espinosa, Secretaria Ejecutiva CMNUCC,<br \/>\nEstimada Sra. Cristiana Pa\u0219ca Palmer, Secretaria Ejecutiva CBD,<br \/>\nSra. Irina Bokova, Directora General UNESCO:<\/p>\n<p style=\"text-align: justify;\">La Amazon\u00eda es un solo cuerpo interconectado. Por eso de nada sirven proyectos o iniciativas que protegen una parte, si se destruye la otra; vacunar a la poblaci\u00f3n a un lado de la frontera, viendo como se enferman al otro; bloquear un r\u00edo a un lado de la frontera con represas, afectando as\u00ed a los pa\u00edses vecinos; o derramar miles de toneladas de productos t\u00f3xicos o emisiones contaminantes en un pa\u00eds, viajando el veneno y la contaminaci\u00f3n por el aire y las aguas y entrando a la cadena alimentaria, distribuy\u00e9ndose por los nueve pa\u00edses amaz\u00f3nicos.<\/p>\n<p style=\"text-align: justify;\">El reciente asesinato de los veinte o m\u00e1s ind\u00edgenas amaz\u00f3nicos en Brasil pone de manifiesto m\u00e1s que nunca la situaci\u00f3n de urgencia. No es un caso aislado.<\/p>\n<p style=\"text-align: justify;\">Los pueblos que habitan la regi\u00f3n amaz\u00f3nica enfrentan las mismas amenazas y las mismas agresiones: proyectos mineros, expansi\u00f3n de agronegocios como la palma aceitera, explotaci\u00f3n de hidrocarburos, tala ilegal, ganader\u00eda extensiva y la dictadura de infraestructuras como carreteras, hidroel\u00e9ctricas, hidrov\u00edas, l\u00edneas de transmisi\u00f3n y otros.<\/p>\n<p style=\"text-align: justify;\">Por ello, nos dirigimos a las autoridades de las Naciones Unidas mediante esta comunicaci\u00f3n, para exigir la realizaci\u00f3n de una Misi\u00f3n Internacional de Emergencia de la ONU a la Amazon\u00eda, en coordinaci\u00f3n con la Coordinadora de Organizaciones Ind\u00edgenas de la Cuenca Amaz\u00f3nica COICA y los gobiernos de los pa\u00edses amaz\u00f3nicos. El objetivo de la misi\u00f3n solicitada es verificar las agresiones que est\u00e1 sufriendo la selva y los pueblos que la habitan.<\/p>\n<p style=\"text-align: justify;\">Pedimos tambi\u00e9n que los organismos de las Naciones Unidas nos ayuden a iniciar un proceso de di\u00e1logo con gobiernos involucrados en algunos de estos proyectos, como es el caso del gobierno chino. Esta asistencia se ha solicitado formalmente a trav\u00e9s de una carta firmada por todas las confederaciones nacionales de COICA. En este caso, el objetivo es hacer llegar recomendaciones sobre pol\u00edticas de salvaguarda para bancos, y est\u00e1ndares socioambientales para empresas, actualmente insuficientes o inexistentes.<\/p>\n<p style=\"text-align: justify;\">Por todo ello es urgente la intervenci\u00f3n inmediata de los mecanismos y funcionarios de Naciones Unidas sobre pueblos ind\u00edgenas. Me sumo a la en\u00e9rgica demanda la Coordinadora de Organizaciones Ind\u00edgenas de la Cuenca Amaz\u00f3nica (COICA).<\/p>\n<p style=\"text-align: justify;\">Firma la petici\u00f3n en el siguiente enlace:\u00a0https:\/\/goo.gl\/auGjqJ<\/p>\n<p style=\"text-align: justify;\">\n<div class=\"fb-video\" data-allowfullscreen=\"true\" data-href=\"https:\/\/www.facebook.com\/derechossinfronteras.pe\/videos\/1399168100201714\/\" style=\"background-color: #fff; display: inline-block;\"><\/div>","protected":false},"excerpt":{"rendered":"<p>Para: Autoridades ONU (CERD, ONU AMBIENTE, PNUD, OIT, OMS, FAO, CMNUCC, CDB, UNESCO, Relatora Especial para Pueblos Ind\u00edgenas); Gobiernos pa\u00edses amaz\u00f3nicos Estimada Sra. Victoria Tauli-Corpuz, Relatora Especial ONU para Pueblos Ind\u00edgenas, Estimado Sr. Erik Solheim, Director Ejecutivo de ONU-AMBIENTE, Estimado Sr. Ib Petersen, Presidente de la Junta Ejecutiva de PNUD, Estimado Sr. Guy Ryder, Director [&hellip;]<\/p>\n","protected":false},"author":1,"featured_media":4897,"comment_status":"closed","ping_status":"open","sticky":false,"template":"","format":"standard","meta":{"_monsterinsights_skip_tracking":false,"_monsterinsights_sitenote_active":false,"_monsterinsights_sitenote_note":"","_monsterinsights_sitenote_category":0,"_jetpack_memberships_contains_paid_content":false,"footnotes":"","jetpack_publicize_message":"","jetpack_publicize_feature_enabled":true,"jetpack_social_post_already_shared":false,"jetpack_social_options":{"image_generator_settings":{"template":"highway","default_image_id":0,"font":"","enabled":false},"version":2}},"categories":[1],"tags":[],"class_list":["post-4896","post","type-post","status-publish","format-standard","has-post-thumbnail","hentry","category-sin-categoria"],"blocksy_meta":[],"jetpack_publicize_connections":[],"jetpack_featured_media_url":"https:\/\/derechosinfronteras.pe\/wp-content\/uploads\/2017\/09\/Peticion-Lote192.png","jetpack_sharing_enabled":true,"jetpack_likes_enabled":true,"_links":{"self":[{"href":"https:\/\/derechosinfronteras.pe\/ingles\/wp-json\/wp\/v2\/posts\/4896","targetHints":{"allow":["GET"]}}],"collection":[{"href":"https:\/\/derechosinfronteras.pe\/ingles\/wp-json\/wp\/v2\/posts"}],"about":[{"href":"https:\/\/derechosinfronteras.pe\/ingles\/wp-json\/wp\/v2\/types\/post"}],"author":[{"embeddable":true,"href":"https:\/\/derechosinfronteras.pe\/ingles\/wp-json\/wp\/v2\/users\/1"}],"replies":[{"embeddable":true,"href":"https:\/\/derechosinfronteras.pe\/ingles\/wp-json\/wp\/v2\/comments?post=4896"}],"version-history":[{"count":0,"href":"https:\/\/derechosinfronteras.pe\/ingles\/wp-json\/wp\/v2\/posts\/4896\/revisions"}],"wp:featuredmedia":[{"embeddable":true,"href":"https:\/\/derechosinfronteras.pe\/ingles\/wp-json\/wp\/v2\/media\/4897"}],"wp:attachment":[{"href":"https:\/\/derechosinfronteras.pe\/ingles\/wp-json\/wp\/v2\/media?parent=4896"}],"wp:term":[{"taxonomy":"category","embeddable":true,"href":"https:\/\/derechosinfronteras.pe\/ingles\/wp-json\/wp\/v2\/categories?post=4896"},{"taxonomy":"post_tag","embeddable":true,"href":"https:\/\/derechosinfronteras.pe\/ingles\/wp-json\/wp\/v2\/tags?post=4896"}],"curies":[{"name":"wp","href":"https:\/\/api.w.org\/{rel}","templated":true}]}}