{"id":4902,"date":"2017-09-19T13:38:52","date_gmt":"2017-09-19T18:38:52","guid":{"rendered":"http:\/\/derechosinfronteras.pe\/?p=3072"},"modified":"2017-09-19T13:38:52","modified_gmt":"2017-09-19T18:38:52","slug":"amazonia-viva-humanidad-segura-movilizacion-amazonica-internacional","status":"publish","type":"post","link":"https:\/\/derechosinfronteras.pe\/ingles\/amazonia-viva-humanidad-segura-movilizacion-amazonica-internacional\/","title":{"rendered":"AMAZON\u00cdA VIVA, HUMANIDAD SEGURA: Movilizaci\u00f3n Amaz\u00f3nica Internacional"},"content":{"rendered":"<p style=\"text-align: justify;\">Con el lema <strong>\u201cAMAZON\u00cdA VIVA, HUMANIDAD SEGURA\u201d,\u00a0<\/strong>Per\u00fa, Guyana, Bolivia, Brasil, Ecuador, Guyana Francesa, Suriname, Colombia y Venezuela, pa\u00edses articulados a la Coordinadora<em> de las<strong> Organizaciones Ind\u00edgenas de la Cuenca Amaz\u00f3nica<\/strong><\/em> \u2013<strong>COICA<\/strong> realizaran la Movilizaci\u00f3n Internacional Amaz\u00f3nica el pr\u00f3ximo<strong> 22 de setiembre<\/strong>.<\/p>\n<p>Per\u00fa, es representado por el<strong> Asociaci\u00f3n Inter\u00e9tnica de Desarrollo de la Selva Peruana \u2013 AIDESEP<\/strong>, cuyas demandas y exigencias son:<br \/>\n&#8211; Frenar las actividades econ\u00f3micas extractivas que provocan la destrucci\u00f3n de la Amazon\u00eda: Miner\u00eda aur\u00edfera, tala ilegal, hidrov\u00edas.<\/p>\n<p>-Implementar la Consulta Previa sobre el Lote 192.<\/p>\n<p style=\"text-align: justify;\">-Remediar los da\u00f1os por la contaminaci\u00f3n con mercurio del pueblo Nahua de Santa Rosa de Serjali, cuya fuente de intoxicaci\u00f3n m\u00e1s probable seg\u00fan estudios t\u00e9cnicos es el Proyecto de Gas de Camisea.<\/p>\n<p>-La elaboraci\u00f3n de un Mapa Preventivo de derechos territoriales ind\u00edgenas, en base a los croquis preliminares de las 1376 comunidades pendientes de titulaci\u00f3n y\u00a0ampliaci\u00f3n.<\/p>\n<p style=\"text-align: justify;\">-Dar soluci\u00f3n al atraso de 40 a\u00f1os de las normas sobre titulaci\u00f3n territorial y adecuarlas al Convenio 169-OIT.<\/p>\n<p style=\"text-align: justify;\">-Creaci\u00f3n del Fondo Ind\u00edgena Amaz\u00f3nico con el 1% del presupuesto p\u00fablico, para desarrollar la econom\u00eda de Vida Plena con actividades productivas que no da\u00f1en el bosque como: Acuicultura, manejo forestal, agroforester\u00eda, bioindustrias y turismo ecol\u00f3gico.<br \/>\nAcci\u00f3n urgente en salud (malaria, hepatitis, VIH-SIDA, contaminaci\u00f3n por mercurio) y educaci\u00f3n intercultural bilingue.<\/p>\n<p style=\"text-align: justify;\">Las actividades en nuestro pa\u00eds inician desde el 21 de setiembre con un plant\u00f3n frente a las instalaciones de Petro Per\u00fa, exigiendo al gobierno se respete el derecho a consulta previa:<\/p>\n<div class=\"fb-post\" data-href=\"https:\/\/www.facebook.com\/derechossinfronteras.pe\/photos\/pb.339097252875476.-2207520000.1505846215.\/1393099667475224\/?type=3&#038;theater\" data-width=\"552\" style=\"background-color: #fff; display: inline-block;\"><\/div>\n<p>&nbsp;<\/p>","protected":false},"excerpt":{"rendered":"<p>Con el lema \u201cAMAZON\u00cdA VIVA, HUMANIDAD SEGURA\u201d,\u00a0Per\u00fa, Guyana, Bolivia, Brasil, Ecuador, Guyana Francesa, Suriname, Colombia y Venezuela, pa\u00edses articulados a la Coordinadora de las Organizaciones Ind\u00edgenas de la Cuenca Amaz\u00f3nica \u2013COICA realizaran la Movilizaci\u00f3n Internacional Amaz\u00f3nica el pr\u00f3ximo 22 de setiembre. Per\u00fa, es representado por el Asociaci\u00f3n Inter\u00e9tnica de Desarrollo de la Selva Peruana \u2013 [&hellip;]<\/p>\n","protected":false},"author":1,"featured_media":4903,"comment_status":"closed","ping_status":"open","sticky":false,"template":"","format":"standard","meta":{"_monsterinsights_skip_tracking":false,"_monsterinsights_sitenote_active":false,"_monsterinsights_sitenote_note":"","_monsterinsights_sitenote_category":0,"_jetpack_memberships_contains_paid_content":false,"footnotes":"","jetpack_publicize_message":"","jetpack_publicize_feature_enabled":true,"jetpack_social_post_already_shared":false,"jetpack_social_options":{"image_generator_settings":{"template":"highway","default_image_id":0,"font":"","enabled":false},"version":2}},"categories":[1],"tags":[],"class_list":["post-4902","post","type-post","status-publish","format-standard","has-post-thumbnail","hentry","category-sin-categoria"],"blocksy_meta":[],"jetpack_publicize_connections":[],"jetpack_featured_media_url":"https:\/\/derechosinfronteras.pe\/wp-content\/uploads\/2017\/09\/Movilizacion-Amazonica.jpg","jetpack_sharing_enabled":true,"jetpack_likes_enabled":true,"_links":{"self":[{"href":"https:\/\/derechosinfronteras.pe\/ingles\/wp-json\/wp\/v2\/posts\/4902","targetHints":{"allow":["GET"]}}],"collection":[{"href":"https:\/\/derechosinfronteras.pe\/ingles\/wp-json\/wp\/v2\/posts"}],"about":[{"href":"https:\/\/derechosinfronteras.pe\/ingles\/wp-json\/wp\/v2\/types\/post"}],"author":[{"embeddable":true,"href":"https:\/\/derechosinfronteras.pe\/ingles\/wp-json\/wp\/v2\/users\/1"}],"replies":[{"embeddable":true,"href":"https:\/\/derechosinfronteras.pe\/ingles\/wp-json\/wp\/v2\/comments?post=4902"}],"version-history":[{"count":0,"href":"https:\/\/derechosinfronteras.pe\/ingles\/wp-json\/wp\/v2\/posts\/4902\/revisions"}],"wp:featuredmedia":[{"embeddable":true,"href":"https:\/\/derechosinfronteras.pe\/ingles\/wp-json\/wp\/v2\/media\/4903"}],"wp:attachment":[{"href":"https:\/\/derechosinfronteras.pe\/ingles\/wp-json\/wp\/v2\/media?parent=4902"}],"wp:term":[{"taxonomy":"category","embeddable":true,"href":"https:\/\/derechosinfronteras.pe\/ingles\/wp-json\/wp\/v2\/categories?post=4902"},{"taxonomy":"post_tag","embeddable":true,"href":"https:\/\/derechosinfronteras.pe\/ingles\/wp-json\/wp\/v2\/tags?post=4902"}],"curies":[{"name":"wp","href":"https:\/\/api.w.org\/{rel}","templated":true}]}}