{"id":4904,"date":"2017-09-18T18:49:16","date_gmt":"2017-09-18T23:49:16","guid":{"rendered":"http:\/\/derechosinfronteras.pe\/?p=3069"},"modified":"2017-09-18T18:49:16","modified_gmt":"2017-09-18T23:49:16","slug":"gobierno-amplia-estado-de-emergencia-en-apurimac-y-cusco","status":"publish","type":"post","link":"https:\/\/derechosinfronteras.pe\/ingles\/gobierno-amplia-estado-de-emergencia-en-apurimac-y-cusco\/","title":{"rendered":"Gobierno ampl\u00eda Estado de Emergencia en Apur\u00edmac y Cusco"},"content":{"rendered":"<p style=\"text-align: justify;\">El pasado 15 de setiembre, el Gobierno Central ha decidido ampliar el estado de emergencia por 30 d\u00edas m\u00e1s en los distritos de Challhuahuacho, Haquira y Mara, distritos de la provincia de Cotabamabas, Apur\u00edmac. As\u00ed lo dicta el D.S. N\u00b0 093-2017-PCM<\/p>\n<p style=\"text-align: justify;\">Como se recuerda, la poblaci\u00f3n inici\u00f3 protestas en contra de la empresa minera \u2018Las Bambas\u2019, exigiendo\u00a0les otorgue un resarcimiento econ\u00f3mico por el deterioro a sus viviendas, derrames, accidentes, enfermedades respiratorias y otras afectaciones causadas por el paso de camiones que transportan minerales o residuos t\u00f3xicos.<\/p>\n<p style=\"text-align: justify;\">Adem\u00e1s, el Ejecutivo declar\u00f3 el estado de excepci\u00f3n en el distrito de Capacmarca, provincia de Chumbivilcas, regi\u00f3n Cusco. Ya hemos cuestionando las decisiones \u2018preventivas\u2019 del Gobierno actual respecto a los conflictos sociales en contextos extractivos, pues no existe capacidad de di\u00e1logo ni concertaci\u00f3n.<\/p>\n<p>&nbsp;<\/p>","protected":false},"excerpt":{"rendered":"<p>El pasado 15 de setiembre, el Gobierno Central ha decidido ampliar el estado de emergencia por 30 d\u00edas m\u00e1s en los distritos de Challhuahuacho, Haquira y Mara, distritos de la provincia de Cotabamabas, Apur\u00edmac. As\u00ed lo dicta el D.S. N\u00b0 093-2017-PCM Como se recuerda, la poblaci\u00f3n inici\u00f3 protestas en contra de la empresa minera \u2018Las [&hellip;]<\/p>\n","protected":false},"author":1,"featured_media":4905,"comment_status":"closed","ping_status":"open","sticky":false,"template":"","format":"standard","meta":{"_monsterinsights_skip_tracking":false,"_monsterinsights_sitenote_active":false,"_monsterinsights_sitenote_note":"","_monsterinsights_sitenote_category":0,"_jetpack_memberships_contains_paid_content":false,"footnotes":"","jetpack_publicize_message":"","jetpack_publicize_feature_enabled":true,"jetpack_social_post_already_shared":false,"jetpack_social_options":{"image_generator_settings":{"template":"highway","default_image_id":0,"font":"","enabled":false},"version":2}},"categories":[1],"tags":[],"class_list":["post-4904","post","type-post","status-publish","format-standard","has-post-thumbnail","hentry","category-sin-categoria"],"blocksy_meta":[],"jetpack_publicize_connections":[],"jetpack_featured_media_url":"https:\/\/derechosinfronteras.pe\/wp-content\/uploads\/2017\/09\/estado_de_emergencia_en_cuatro_departamentos-Noticia-702984.jpg","jetpack_sharing_enabled":true,"jetpack_likes_enabled":true,"_links":{"self":[{"href":"https:\/\/derechosinfronteras.pe\/ingles\/wp-json\/wp\/v2\/posts\/4904","targetHints":{"allow":["GET"]}}],"collection":[{"href":"https:\/\/derechosinfronteras.pe\/ingles\/wp-json\/wp\/v2\/posts"}],"about":[{"href":"https:\/\/derechosinfronteras.pe\/ingles\/wp-json\/wp\/v2\/types\/post"}],"author":[{"embeddable":true,"href":"https:\/\/derechosinfronteras.pe\/ingles\/wp-json\/wp\/v2\/users\/1"}],"replies":[{"embeddable":true,"href":"https:\/\/derechosinfronteras.pe\/ingles\/wp-json\/wp\/v2\/comments?post=4904"}],"version-history":[{"count":0,"href":"https:\/\/derechosinfronteras.pe\/ingles\/wp-json\/wp\/v2\/posts\/4904\/revisions"}],"wp:featuredmedia":[{"embeddable":true,"href":"https:\/\/derechosinfronteras.pe\/ingles\/wp-json\/wp\/v2\/media\/4905"}],"wp:attachment":[{"href":"https:\/\/derechosinfronteras.pe\/ingles\/wp-json\/wp\/v2\/media?parent=4904"}],"wp:term":[{"taxonomy":"category","embeddable":true,"href":"https:\/\/derechosinfronteras.pe\/ingles\/wp-json\/wp\/v2\/categories?post=4904"},{"taxonomy":"post_tag","embeddable":true,"href":"https:\/\/derechosinfronteras.pe\/ingles\/wp-json\/wp\/v2\/tags?post=4904"}],"curies":[{"name":"wp","href":"https:\/\/api.w.org\/{rel}","templated":true}]}}