{"id":4913,"date":"2017-09-13T12:11:15","date_gmt":"2017-09-13T17:11:15","guid":{"rendered":"http:\/\/derechosinfronteras.pe\/?p=3045"},"modified":"2017-09-13T12:11:15","modified_gmt":"2017-09-13T17:11:15","slug":"espinar-realizan-asamblea-popular-con-importantes-acuerdos","status":"publish","type":"post","link":"https:\/\/derechosinfronteras.pe\/ingles\/espinar-realizan-asamblea-popular-con-importantes-acuerdos\/","title":{"rendered":"Espinar: Realizan Asamblea Popular con importantes acuerdos"},"content":{"rendered":"<p style=\"text-align: justify;\">El 12 de setiembre, la plaza de armas de la provincia cusque\u00f1a de Espinar, fue el espacio que reuni\u00f3 a cientos de personas en una nueva asamblea popular. Las razones de la convocatoria fueron diversas: Corrupci\u00f3n, situaci\u00f3n ambiental, y principalmente la denuncia que la Municipalidad Provincial de Espinar realiz\u00f3 en contra del Frente \u00danico de Defensa de los Intereses de Espinar (FUDIE), liderado por Edgar Huaranca.<\/p>\n<p style=\"text-align: justify;\">Despu\u00e9s de varias horas de debate e intervenciones, la asamblea todo acuerdos de 11 puntos:<\/p>\n<p style=\"text-align: justify;\">1) Cambio de malos gerentes, Sub gerentes y malos funcionarios de la Municipalidad Provincial de Espinar<\/p>\n<p style=\"text-align: justify;\">2) El proyecto de agua se dar\u00e1 con continuidad y el se\u00f1or alcalde manifiesta que esto iniciar\u00e1 en el a\u00f1o 2018<\/p>\n<p style=\"text-align: justify;\">3) Reformulaci\u00f3n del convenio marco. De acuerdo a la posici\u00f3n de los participantes se debe concretizar<\/p>\n<p style=\"text-align: justify;\">4) sobre el proyecto Ccorccohuaico: Este proyecto NO VA. Mientras no se de soluci\u00f3n a los problemas socio ambientales dentro de las comunidades afectadas<\/p>\n<p style=\"text-align: justify;\">5) Carretera: Negromayo &#8211; Espinar &#8211; San G\u00e9naro- se dar\u00e1 la buena pro el 14 de setiembre del 2017<\/p>\n<p style=\"text-align: justify;\">6) Hospital. Para esto la autoridad local nombrar\u00e1 o designar\u00e1 un personal para que se haga el seguimiento correspondiente<\/p>\n<p style=\"text-align: justify;\">7) Planilla fantasma. El regidor Aldo Romero Nu\u00f1onca, se compromete a denunciar bajo un informe.<\/p>\n<p style=\"text-align: justify;\">8) Denuncia penal de dirigentes. El Alcalde se compromete a retirar la denuncia<\/p>\n<p style=\"text-align: justify;\">9) Clausura de discotecas se llevar\u00e1 en una reuni\u00f3n de evaluaci\u00f3n de la marcha de sensibilizaci\u00f3n el 27 de setiembre del 2017<\/p>\n<p style=\"text-align: justify;\">10) Electro Sur: al respecto el FUDIE remitir\u00e1 un documento pidiendo un buen servicio.<\/p>\n<p style=\"text-align: justify;\">11) Se nombr\u00f3 un comit\u00e9 Organizador del 12\u00b0 Congreso Eleccionario del FUDIE<\/p>\n<p>&nbsp;<\/p>","protected":false},"excerpt":{"rendered":"<p>El 12 de setiembre, la plaza de armas de la provincia cusque\u00f1a de Espinar, fue el espacio que reuni\u00f3 a cientos de personas en una nueva asamblea popular. Las razones de la convocatoria fueron diversas: Corrupci\u00f3n, situaci\u00f3n ambiental, y principalmente la denuncia que la Municipalidad Provincial de Espinar realiz\u00f3 en contra del Frente \u00danico de [&hellip;]<\/p>\n","protected":false},"author":1,"featured_media":4914,"comment_status":"closed","ping_status":"open","sticky":false,"template":"","format":"standard","meta":{"_monsterinsights_skip_tracking":false,"_monsterinsights_sitenote_active":false,"_monsterinsights_sitenote_note":"","_monsterinsights_sitenote_category":0,"_jetpack_memberships_contains_paid_content":false,"footnotes":"","jetpack_publicize_message":"","jetpack_publicize_feature_enabled":true,"jetpack_social_post_already_shared":false,"jetpack_social_options":{"image_generator_settings":{"template":"highway","default_image_id":0,"font":"","enabled":false},"version":2}},"categories":[1],"tags":[],"class_list":["post-4913","post","type-post","status-publish","format-standard","has-post-thumbnail","hentry","category-sin-categoria"],"blocksy_meta":[],"jetpack_publicize_connections":[],"jetpack_featured_media_url":"https:\/\/derechosinfronteras.pe\/wp-content\/uploads\/2017\/09\/Asamblea-Popular-e1505322620800.jpg","jetpack_sharing_enabled":true,"jetpack_likes_enabled":true,"_links":{"self":[{"href":"https:\/\/derechosinfronteras.pe\/ingles\/wp-json\/wp\/v2\/posts\/4913","targetHints":{"allow":["GET"]}}],"collection":[{"href":"https:\/\/derechosinfronteras.pe\/ingles\/wp-json\/wp\/v2\/posts"}],"about":[{"href":"https:\/\/derechosinfronteras.pe\/ingles\/wp-json\/wp\/v2\/types\/post"}],"author":[{"embeddable":true,"href":"https:\/\/derechosinfronteras.pe\/ingles\/wp-json\/wp\/v2\/users\/1"}],"replies":[{"embeddable":true,"href":"https:\/\/derechosinfronteras.pe\/ingles\/wp-json\/wp\/v2\/comments?post=4913"}],"version-history":[{"count":0,"href":"https:\/\/derechosinfronteras.pe\/ingles\/wp-json\/wp\/v2\/posts\/4913\/revisions"}],"wp:featuredmedia":[{"embeddable":true,"href":"https:\/\/derechosinfronteras.pe\/ingles\/wp-json\/wp\/v2\/media\/4914"}],"wp:attachment":[{"href":"https:\/\/derechosinfronteras.pe\/ingles\/wp-json\/wp\/v2\/media?parent=4913"}],"wp:term":[{"taxonomy":"category","embeddable":true,"href":"https:\/\/derechosinfronteras.pe\/ingles\/wp-json\/wp\/v2\/categories?post=4913"},{"taxonomy":"post_tag","embeddable":true,"href":"https:\/\/derechosinfronteras.pe\/ingles\/wp-json\/wp\/v2\/tags?post=4913"}],"curies":[{"name":"wp","href":"https:\/\/api.w.org\/{rel}","templated":true}]}}