{"id":4915,"date":"2017-09-12T17:53:21","date_gmt":"2017-09-12T22:53:21","guid":{"rendered":"http:\/\/derechosinfronteras.pe\/?p=3042"},"modified":"2017-09-12T17:53:21","modified_gmt":"2017-09-12T22:53:21","slug":"la-hora-final-la-historia-de-la-captura-de-abimael-guzman-llega-al-cine-este-jueves","status":"publish","type":"post","link":"https:\/\/derechosinfronteras.pe\/ingles\/la-hora-final-la-historia-de-la-captura-de-abimael-guzman-llega-al-cine-este-jueves\/","title":{"rendered":"\u00abLa hora final\u00bb: La historia de la captura de Abimael Guzm\u00e1n llega al cine este jueves"},"content":{"rendered":"<p style=\"text-align: justify;\">A 25 a\u00f1os de la captura de Abimael Guzm\u00e1n, el cada vez reconocido cineasta Eduardo Mendoza, estrenar\u00e1 en las salas de cine peruanas la pel\u00edcula \u2018La Hora Final\u2019 que mostrar\u00e1 hechos sobre la ca\u00edda del cabecilla de Sendero Luminoso. La fecha de estreno ser\u00e1 el 14 de setiembre, y se espera que las cadenas de cine puedan mantener en cartelera este importante trabajo audiovisual para repensar nuestra historia reciente.<\/p>\n<p style=\"text-align: justify;\">Los protagonistas del filme son To\u00f1o Vega, Nidia Bermejo, Pietro Sibille, Haysen Percovich y Emilram Cossio, quienes dan vida a los polic\u00edas que integraron el Grupo de Inteligencia de la PNP (GEIN) responsables de la captura de Guzm\u00e1n.<\/p>\n<p style=\"text-align: justify;\">Todo el elenco esta conformado por reconocidos actores peruanos: Katerina D\u2019onofrio, Tommy P\u00e1rraga, Alberick Garc\u00eda, Sandro Calder\u00f3n, Carlos Mesta, Fausto Molina, Vanessa Vizcarra, Fernando Pasco, Gustavo Mayer, Katia Salazar, Iv\u00e1n Ch\u00e1vez, Renato Rueda, Alejandra Saba, Miguel Vargas, Herbert Corimanya, Roberto Ruiz, Tony Dulzaides, Melissa Giorgio y Paul Beretta.<\/p>\n<p style=\"text-align: justify;\">Importante iniciativa comunicacional que nos ayudar\u00e1 a tener informaci\u00f3n sobre la \u00e9poca del terrorismo y sus reales protagonistas.<\/p>","protected":false},"excerpt":{"rendered":"<p>A 25 a\u00f1os de la captura de Abimael Guzm\u00e1n, el cada vez reconocido cineasta Eduardo Mendoza, estrenar\u00e1 en las salas de cine peruanas la pel\u00edcula \u2018La Hora Final\u2019 que mostrar\u00e1 hechos sobre la ca\u00edda del cabecilla de Sendero Luminoso. La fecha de estreno ser\u00e1 el 14 de setiembre, y se espera que las cadenas de [&hellip;]<\/p>\n","protected":false},"author":1,"featured_media":4916,"comment_status":"closed","ping_status":"open","sticky":false,"template":"","format":"standard","meta":{"_monsterinsights_skip_tracking":false,"_monsterinsights_sitenote_active":false,"_monsterinsights_sitenote_note":"","_monsterinsights_sitenote_category":0,"_jetpack_memberships_contains_paid_content":false,"footnotes":"","jetpack_publicize_message":"","jetpack_publicize_feature_enabled":true,"jetpack_social_post_already_shared":false,"jetpack_social_options":{"image_generator_settings":{"template":"highway","default_image_id":0,"font":"","enabled":false},"version":2}},"categories":[1],"tags":[],"class_list":["post-4915","post","type-post","status-publish","format-standard","has-post-thumbnail","hentry","category-sin-categoria"],"blocksy_meta":[],"jetpack_publicize_connections":[],"jetpack_featured_media_url":"https:\/\/derechosinfronteras.pe\/wp-content\/uploads\/2017\/09\/596d6650ceb8d-e1505256740505.jpeg","jetpack_sharing_enabled":true,"jetpack_likes_enabled":true,"_links":{"self":[{"href":"https:\/\/derechosinfronteras.pe\/ingles\/wp-json\/wp\/v2\/posts\/4915","targetHints":{"allow":["GET"]}}],"collection":[{"href":"https:\/\/derechosinfronteras.pe\/ingles\/wp-json\/wp\/v2\/posts"}],"about":[{"href":"https:\/\/derechosinfronteras.pe\/ingles\/wp-json\/wp\/v2\/types\/post"}],"author":[{"embeddable":true,"href":"https:\/\/derechosinfronteras.pe\/ingles\/wp-json\/wp\/v2\/users\/1"}],"replies":[{"embeddable":true,"href":"https:\/\/derechosinfronteras.pe\/ingles\/wp-json\/wp\/v2\/comments?post=4915"}],"version-history":[{"count":0,"href":"https:\/\/derechosinfronteras.pe\/ingles\/wp-json\/wp\/v2\/posts\/4915\/revisions"}],"wp:featuredmedia":[{"embeddable":true,"href":"https:\/\/derechosinfronteras.pe\/ingles\/wp-json\/wp\/v2\/media\/4916"}],"wp:attachment":[{"href":"https:\/\/derechosinfronteras.pe\/ingles\/wp-json\/wp\/v2\/media?parent=4915"}],"wp:term":[{"taxonomy":"category","embeddable":true,"href":"https:\/\/derechosinfronteras.pe\/ingles\/wp-json\/wp\/v2\/categories?post=4915"},{"taxonomy":"post_tag","embeddable":true,"href":"https:\/\/derechosinfronteras.pe\/ingles\/wp-json\/wp\/v2\/tags?post=4915"}],"curies":[{"name":"wp","href":"https:\/\/api.w.org\/{rel}","templated":true}]}}