{"id":4919,"date":"2017-09-11T18:16:06","date_gmt":"2017-09-11T23:16:06","guid":{"rendered":"http:\/\/derechosinfronteras.pe\/?p=3032"},"modified":"2017-09-11T18:16:06","modified_gmt":"2017-09-11T23:16:06","slug":"coordinadora-nacional-de-derechos-humanos-realizo-asamblea-nacional-de-delegados","status":"publish","type":"post","link":"https:\/\/derechosinfronteras.pe\/ingles\/coordinadora-nacional-de-derechos-humanos-realizo-asamblea-nacional-de-delegados\/","title":{"rendered":"CNDDHH realiz\u00f3 asamblea nacional de delegados"},"content":{"rendered":"<p style=\"text-align: justify;\">Desde el 07 al 09 de setiembre del presente a\u00f1o se realiz\u00f3 la XVII Asamblea General de la Coordinadora Nacional de Derechos Humanos (CNDDHH). Bajo la direcci\u00f3n de Jorge Bracamonte, Secretario Ejecutivo de la CNDDHH, se reunieron 45 delegadas\/os plenos y miembros permanente. La CNDDHH articula a organizaciones e instituciones defensoras de derechos humanos de todo el pa\u00eds.<\/p>\n<p style=\"text-align: justify;\">La asamblea, que tambi\u00e9n fue un espacio de conmemoraci\u00f3n a \u2018Mam\u00e1 Ang\u00e9lica\u2019, recibi\u00f3 la Memoria de Gesti\u00f3n 2015\u20132017 y acord\u00f3 la incorporaci\u00f3n de nuevos asociados como el Instituto del Bien Com\u00fan (IBC), el Centro Loyola de Ayacucho, el Programa de Transformaci\u00f3n y Democracia Global (PDTG) y EarthRights International.<\/p>\n<p style=\"text-align: justify;\">Tambi\u00e9n hubo espacio para reflexionar el contexto y los desaf\u00edos para los derechos humanos, adem\u00e1s de los ejes program\u00e1ticos de la Coordinadora Nacional buscando construir nuevas propuestas.<\/p>\n<p style=\"text-align: justify;\">La jornada concluy\u00f3 con la elecci\u00f3n del nuevo Consejo Directivo Nacional. <a href=\"https:\/\/www.facebook.com\/derechossinfronteras.pe\/?ref=aymt_homepage_panel\" target=\"_blank\" rel=\"noopener\">DHSF<\/a> fue una de las quince organizaciones que fueron elegidas para formar parte del Consejo. Adem\u00e1s, Anfasep tambi\u00e9n fue elegida para ser parte de este organismo de decisiones de la CNDDHH<\/p>\n<h3 class=\"nota-interior-subtitulo\"><strong>Consejo Directivo<\/strong><\/h3>\n<p>&nbsp;<\/p>\n<p>Elegidos por Lima:<\/p>\n<ol>\n<li>Asociaci\u00f3n Pro Derechos Humanos (APRODEH) con 36 votos<\/li>\n<li>Instituto de Defensa Legal (IDL) con 28 votos<\/li>\n<li>Asociaci\u00f3n Servicios Educativos Rurales (SER) con 23 votos<\/li>\n<li>Comisi\u00f3n de Derechos Humanos (COMISEDH) con 22 votos<\/li>\n<li>Centro Amaz\u00f3nico de Antropolog\u00eda y Aplicaci\u00f3n Pr\u00e1ctica (CAAAP) con 21 votos<\/li>\n<li>Estudio para la Defensa de los Derechos de la Mujer (DEMUS) con 21 votos<\/li>\n<\/ol>\n<p>Elegidos por las regiones:<\/p>\n<ol>\n<li>Grupo de Formaci\u00f3n e Intervenci\u00f3n para el Desarrollo Sostenible (GRUFIDES) &#8211; Cajamarca, con 31 votos<\/li>\n<li>Derechos Humanos sin Fronteras (DHSF) &#8211; Cusco, con 27 votos<\/li>\n<li>Instituto de Promoci\u00f3n y Educaci\u00f3n Popular Comisi\u00f3n de Justicia Social (IPEP-CJS) &#8211; Chimbote &#8211; Ancahs,\u00a0con 24 votos<\/li>\n<li>Comisi\u00f3n de Derechos Humanos (CODEH) \u2013 Ica, con 22 votos<\/li>\n<li>Comisi\u00f3n de Solidaridad, Desarrollo y Justicia (COSDEJ) &#8211; Lambayeque, con 20 votos<\/li>\n<li>Centro de Promoci\u00f3n y Defensa de Derechos Humanos (CEPRODEH) &#8211; Arequipa, con 19 votos<\/li>\n<li>Asociaci\u00f3n Nacional de Familiares de Secuestrados, Detenidos, Desaparecidos en Zonas de Emergencia (ANFASEP) &#8211; Ayacucho, con 19 votos<\/li>\n<li>Proyecto Amigo &#8211; Oficina de Derechos Humanos &#8211; La Libertad,\u00a0con 18 votos<\/li>\n<li>Vicar\u00eda de la Solidaridad (DDHH) &#8211; Ja\u00e9n, Cajamarca,\u00a0con 18 votos<\/li>\n<\/ol>\n<p>&nbsp;<\/p>","protected":false},"excerpt":{"rendered":"<p>Desde el 07 al 09 de setiembre del presente a\u00f1o se realiz\u00f3 la XVII Asamblea General de la Coordinadora Nacional de Derechos Humanos (CNDDHH). Bajo la direcci\u00f3n de Jorge Bracamonte, Secretario Ejecutivo de la CNDDHH, se reunieron 45 delegadas\/os plenos y miembros permanente. La CNDDHH articula a organizaciones e instituciones defensoras de derechos humanos de [&hellip;]<\/p>\n","protected":false},"author":1,"featured_media":4920,"comment_status":"closed","ping_status":"open","sticky":false,"template":"","format":"standard","meta":{"_monsterinsights_skip_tracking":false,"_monsterinsights_sitenote_active":false,"_monsterinsights_sitenote_note":"","_monsterinsights_sitenote_category":0,"_jetpack_memberships_contains_paid_content":false,"footnotes":"","jetpack_publicize_message":"","jetpack_publicize_feature_enabled":true,"jetpack_social_post_already_shared":false,"jetpack_social_options":{"image_generator_settings":{"template":"highway","default_image_id":0,"font":"","enabled":false},"version":2}},"categories":[1],"tags":[],"class_list":["post-4919","post","type-post","status-publish","format-standard","has-post-thumbnail","hentry","category-sin-categoria"],"blocksy_meta":[],"jetpack_publicize_connections":[],"jetpack_featured_media_url":"https:\/\/derechosinfronteras.pe\/wp-content\/uploads\/2017\/09\/21544024_1485101478240281_6643071539476513651_o-e1505171719585.jpg","jetpack_sharing_enabled":true,"jetpack_likes_enabled":true,"_links":{"self":[{"href":"https:\/\/derechosinfronteras.pe\/ingles\/wp-json\/wp\/v2\/posts\/4919","targetHints":{"allow":["GET"]}}],"collection":[{"href":"https:\/\/derechosinfronteras.pe\/ingles\/wp-json\/wp\/v2\/posts"}],"about":[{"href":"https:\/\/derechosinfronteras.pe\/ingles\/wp-json\/wp\/v2\/types\/post"}],"author":[{"embeddable":true,"href":"https:\/\/derechosinfronteras.pe\/ingles\/wp-json\/wp\/v2\/users\/1"}],"replies":[{"embeddable":true,"href":"https:\/\/derechosinfronteras.pe\/ingles\/wp-json\/wp\/v2\/comments?post=4919"}],"version-history":[{"count":0,"href":"https:\/\/derechosinfronteras.pe\/ingles\/wp-json\/wp\/v2\/posts\/4919\/revisions"}],"wp:featuredmedia":[{"embeddable":true,"href":"https:\/\/derechosinfronteras.pe\/ingles\/wp-json\/wp\/v2\/media\/4920"}],"wp:attachment":[{"href":"https:\/\/derechosinfronteras.pe\/ingles\/wp-json\/wp\/v2\/media?parent=4919"}],"wp:term":[{"taxonomy":"category","embeddable":true,"href":"https:\/\/derechosinfronteras.pe\/ingles\/wp-json\/wp\/v2\/categories?post=4919"},{"taxonomy":"post_tag","embeddable":true,"href":"https:\/\/derechosinfronteras.pe\/ingles\/wp-json\/wp\/v2\/tags?post=4919"}],"curies":[{"name":"wp","href":"https:\/\/api.w.org\/{rel}","templated":true}]}}