{"id":4921,"date":"2017-09-06T11:58:58","date_gmt":"2017-09-06T16:58:58","guid":{"rendered":"http:\/\/derechosinfronteras.pe\/?p=3015"},"modified":"2017-09-06T11:58:58","modified_gmt":"2017-09-06T16:58:58","slug":"amnistia-internacional-presentara-estudio-sobre-la-afectacion-a-la-salud-en-las-comunidades-indigenas-del-peru","status":"publish","type":"post","link":"https:\/\/derechosinfronteras.pe\/ingles\/amnistia-internacional-presentara-estudio-sobre-la-afectacion-a-la-salud-en-las-comunidades-indigenas-del-peru\/","title":{"rendered":"Amnist\u00eda Internacional presentar\u00e1 estudio sobre la afectaci\u00f3n a la salud en comunidades ind\u00edgenas del Per\u00fa"},"content":{"rendered":"<p>&nbsp;<\/p>\n<p style=\"text-align: justify;\">En el marco de la conmemoraci\u00f3n del d\u00e9cimo aniversario de la <strong>Declaraci\u00f3n de Naciones Unidas sobre Derechos de los Pueblos Ind\u00edgenas<\/strong>, Amnist\u00eda Internacional presentar\u00e1 su estudio sobre el <strong>derecho a la salud de las comunidades ind\u00edgenas<\/strong> de <strong>Cuninico (Loreto)<\/strong> y<strong> Espinar (Cusco)<\/strong>, lugares afectados por actividades extractivas.<\/p>\n<p><strong>El Secretario General de Amnist\u00eda Internacional, Salil Shetty<\/strong>, llegar\u00e1 a nuestro pa\u00eds para hacer p\u00fablica la investigaci\u00f3n y lanzar la campa\u00f1a comunicacional que permitir\u00e1 canalizar las demandas y exigencias de las y los afectados por metales. La problem\u00e1tica de salud en zonas mineras o petroleras no es nueva, por tanto, con esta campa\u00f1a se pretende exhortar al gobierno peruano para que ejecute <strong>pol\u00edticas p\u00fablicas de salud diferenciadas<\/strong> en territorios donde existen actividades extractivas.<\/p>\n<div class=\"fb-post\" data-href=\"https:\/\/www.facebook.com\/derechossinfronteras.pe\/photos\/a.741549455963585.1073741826.339097252875476\/1381659108619280\/?type=3&#038;theater\" data-width=\"552\" style=\"background-color: #fff; display: inline-block;\"><\/div>\n<p>La Presentaci\u00f3n de la investigaci\u00f3n: Salud de Comunidades Ind\u00edgenas, se realizar\u00e1 en Lima y en Cusco:<\/p>\n<p>*Fecha: Mi\u00e9rcoles 13 de setiembre del 2017, a las 6:30 p.m.<br \/>\nLugar: LUM Lugar de la Memoria (Bajada San Mart\u00edn 151, Miraflores) \u2013 Lima<\/p>\n<p>*Fecha: Jueves14 de setiembre del 2017, a las 10:00 a.m.<br \/>\nLugar: Sala Tipon &#8211; Centro de Convenciones de la Municipalidad de Cusco<\/p>\n<p>Participan:<\/p>\n<p style=\"text-align: justify;\">&#8211; Jaime Borda, Director de<a href=\"https:\/\/www.facebook.com\/derechossinfronteras.pe\/?ref=aymt_homepage_panel\" target=\"_blank\" rel=\"noopener\"> Derechos Humanos sin Fronteras<\/a><br \/>\n&#8211; Salil Shetty, Secretario General de Amnist\u00eda Internacional<br \/>\n&#8211; Representantes de las comunidades ind\u00edgenas de Espinar y Cuninico.<\/p>","protected":false},"excerpt":{"rendered":"<p>&nbsp; En el marco de la conmemoraci\u00f3n del d\u00e9cimo aniversario de la Declaraci\u00f3n de Naciones Unidas sobre Derechos de los Pueblos Ind\u00edgenas, Amnist\u00eda Internacional presentar\u00e1 su estudio sobre el derecho a la salud de las comunidades ind\u00edgenas de Cuninico (Loreto) y Espinar (Cusco), lugares afectados por actividades extractivas. El Secretario General de Amnist\u00eda Internacional, Salil [&hellip;]<\/p>\n","protected":false},"author":1,"featured_media":4922,"comment_status":"closed","ping_status":"open","sticky":false,"template":"","format":"standard","meta":{"_monsterinsights_skip_tracking":false,"_monsterinsights_sitenote_active":false,"_monsterinsights_sitenote_note":"","_monsterinsights_sitenote_category":0,"_jetpack_memberships_contains_paid_content":false,"footnotes":"","jetpack_publicize_message":"","jetpack_publicize_feature_enabled":true,"jetpack_social_post_already_shared":false,"jetpack_social_options":{"image_generator_settings":{"template":"highway","default_image_id":0,"font":"","enabled":false},"version":2}},"categories":[1],"tags":[],"class_list":["post-4921","post","type-post","status-publish","format-standard","has-post-thumbnail","hentry","category-sin-categoria"],"blocksy_meta":[],"jetpack_publicize_connections":[],"jetpack_featured_media_url":"https:\/\/derechosinfronteras.pe\/wp-content\/uploads\/2017\/09\/59027df5b4625-e1504717128332.jpeg","jetpack_sharing_enabled":true,"jetpack_likes_enabled":true,"_links":{"self":[{"href":"https:\/\/derechosinfronteras.pe\/ingles\/wp-json\/wp\/v2\/posts\/4921","targetHints":{"allow":["GET"]}}],"collection":[{"href":"https:\/\/derechosinfronteras.pe\/ingles\/wp-json\/wp\/v2\/posts"}],"about":[{"href":"https:\/\/derechosinfronteras.pe\/ingles\/wp-json\/wp\/v2\/types\/post"}],"author":[{"embeddable":true,"href":"https:\/\/derechosinfronteras.pe\/ingles\/wp-json\/wp\/v2\/users\/1"}],"replies":[{"embeddable":true,"href":"https:\/\/derechosinfronteras.pe\/ingles\/wp-json\/wp\/v2\/comments?post=4921"}],"version-history":[{"count":0,"href":"https:\/\/derechosinfronteras.pe\/ingles\/wp-json\/wp\/v2\/posts\/4921\/revisions"}],"wp:featuredmedia":[{"embeddable":true,"href":"https:\/\/derechosinfronteras.pe\/ingles\/wp-json\/wp\/v2\/media\/4922"}],"wp:attachment":[{"href":"https:\/\/derechosinfronteras.pe\/ingles\/wp-json\/wp\/v2\/media?parent=4921"}],"wp:term":[{"taxonomy":"category","embeddable":true,"href":"https:\/\/derechosinfronteras.pe\/ingles\/wp-json\/wp\/v2\/categories?post=4921"},{"taxonomy":"post_tag","embeddable":true,"href":"https:\/\/derechosinfronteras.pe\/ingles\/wp-json\/wp\/v2\/tags?post=4921"}],"curies":[{"name":"wp","href":"https:\/\/api.w.org\/{rel}","templated":true}]}}