{"id":4929,"date":"2017-09-01T10:57:25","date_gmt":"2017-09-01T15:57:25","guid":{"rendered":"http:\/\/derechosinfronteras.pe\/?p=2993"},"modified":"2017-09-01T10:57:25","modified_gmt":"2017-09-01T15:57:25","slug":"fudie-es-denunciado-penalmente-por-la-municipalidad-provincial-de-espinar","status":"publish","type":"post","link":"https:\/\/derechosinfronteras.pe\/ingles\/fudie-es-denunciado-penalmente-por-la-municipalidad-provincial-de-espinar\/","title":{"rendered":"FUDIE es denunciado penalmente por la Municipalidad Provincial de Espinar"},"content":{"rendered":"<p style=\"text-align: justify;\"><strong>El Frente \u00danico de Defensa de los Intereses de Espinar (FUDIE)<\/strong>, uno de los espacios sociales m\u00e1s importante de la provincia cusque\u00f1a, ha sido denunciado a trav\u00e9s de la Procuradur\u00eda de la Municipalidad Provincial de Espinar. La raz\u00f3n: haber notificado al alcalde,\u00a0<strong>Manuel Salinas<\/strong>, una serie de acuerdos y exigencias que su gesti\u00f3n deber\u00eda cumplir.<\/p>\n<p style=\"text-align: justify;\">El pasado <strong>31 de mayo del 2016 (d\u00eda de la dignidad espinarense)<\/strong>, el FUDIE, dirigido por Edgar Huarancca, convoc\u00f3 a una <strong>Asamblea Popular<\/strong>, para evaluar y reflexionar sobre la situaci\u00f3n de la provincia y las medidas que est\u00e1n tomando las autoridades. En dicha reuni\u00f3n, el alcalde provincial y otras autoridades estuvieron presentes. Las exigencias y preocupaciones de las que se hablaron estaban enfocadas al <strong>tema ambiental, la reformulaci\u00f3n del convenio marco, el uso y gesti\u00f3n del agua y la situaci\u00f3n de comunidades afectadas por la miner\u00eda.\u00a0<\/strong>Para el 04 de julio, el FUDIE present\u00f3 el oficio <strong>N\u00b0137-FUDIE-E-2016-C<\/strong>, en la que notifica a la municipalidad quienes ser\u00edan los acreditados para la Comisi\u00f3n de Selecci\u00f3n de Personal, pues este fue uno de los acuerdos de la Asamblea.<\/p>\n<p style=\"text-align: justify;\">La denuncia involucra a Edgar Huarancca, Hern\u00e1n Lupacca Noa, Yudi Marisol y Alberto Cha\u00f1i, l\u00edderes de la FUDIE, a quienes se les acusa del supuesto \u2018delito\u2019 de entorpecimiento de funciones. En un fragmento se cita textualmente: <strong>Se evidencia que el accionar del FUDIE debilita, impide, entorpece y estorba el ejercicio regular de las funciones del alcalde de la Municipalidad Provincial. \u00a0\u00a0 <\/strong><\/p>\n<p style=\"text-align: justify;\"><strong>\u2018<\/strong>Para el 29 de agosto se program\u00f3 la primera audiencia. La cita era a las 9:00 a.m., pero la notificaci\u00f3n me lleg\u00f3 a m\u00ed el mismo d\u00eda a las 9:30 a.m. Lo mismo pas\u00f3 con los otros denunciados. Vamos a tener una serie de reuniones para decidir qu\u00e9 medidas vamos a tomar. No podemos permitir que la Municipalidad nos haga ese tipo de cosas\u2019 declar\u00f3 Huarancca.<\/p>","protected":false},"excerpt":{"rendered":"<p>El Frente \u00danico de Defensa de los Intereses de Espinar (FUDIE), uno de los espacios sociales m\u00e1s importante de la provincia cusque\u00f1a, ha sido denunciado a trav\u00e9s de la Procuradur\u00eda de la Municipalidad Provincial de Espinar. La raz\u00f3n: haber notificado al alcalde,\u00a0Manuel Salinas, una serie de acuerdos y exigencias que su gesti\u00f3n deber\u00eda cumplir. El [&hellip;]<\/p>\n","protected":false},"author":1,"featured_media":4930,"comment_status":"closed","ping_status":"open","sticky":false,"template":"","format":"standard","meta":{"_monsterinsights_skip_tracking":false,"_monsterinsights_sitenote_active":false,"_monsterinsights_sitenote_note":"","_monsterinsights_sitenote_category":0,"_jetpack_memberships_contains_paid_content":false,"footnotes":"","jetpack_publicize_message":"","jetpack_publicize_feature_enabled":true,"jetpack_social_post_already_shared":false,"jetpack_social_options":{"image_generator_settings":{"template":"highway","default_image_id":0,"font":"","enabled":false},"version":2}},"categories":[1],"tags":[],"class_list":["post-4929","post","type-post","status-publish","format-standard","has-post-thumbnail","hentry","category-sin-categoria"],"blocksy_meta":[],"jetpack_publicize_connections":[],"jetpack_featured_media_url":"https:\/\/derechosinfronteras.pe\/wp-content\/uploads\/2017\/09\/DSC_0005-e1504281317654.jpg","jetpack_sharing_enabled":true,"jetpack_likes_enabled":true,"_links":{"self":[{"href":"https:\/\/derechosinfronteras.pe\/ingles\/wp-json\/wp\/v2\/posts\/4929","targetHints":{"allow":["GET"]}}],"collection":[{"href":"https:\/\/derechosinfronteras.pe\/ingles\/wp-json\/wp\/v2\/posts"}],"about":[{"href":"https:\/\/derechosinfronteras.pe\/ingles\/wp-json\/wp\/v2\/types\/post"}],"author":[{"embeddable":true,"href":"https:\/\/derechosinfronteras.pe\/ingles\/wp-json\/wp\/v2\/users\/1"}],"replies":[{"embeddable":true,"href":"https:\/\/derechosinfronteras.pe\/ingles\/wp-json\/wp\/v2\/comments?post=4929"}],"version-history":[{"count":0,"href":"https:\/\/derechosinfronteras.pe\/ingles\/wp-json\/wp\/v2\/posts\/4929\/revisions"}],"wp:featuredmedia":[{"embeddable":true,"href":"https:\/\/derechosinfronteras.pe\/ingles\/wp-json\/wp\/v2\/media\/4930"}],"wp:attachment":[{"href":"https:\/\/derechosinfronteras.pe\/ingles\/wp-json\/wp\/v2\/media?parent=4929"}],"wp:term":[{"taxonomy":"category","embeddable":true,"href":"https:\/\/derechosinfronteras.pe\/ingles\/wp-json\/wp\/v2\/categories?post=4929"},{"taxonomy":"post_tag","embeddable":true,"href":"https:\/\/derechosinfronteras.pe\/ingles\/wp-json\/wp\/v2\/tags?post=4929"}],"curies":[{"name":"wp","href":"https:\/\/api.w.org\/{rel}","templated":true}]}}