{"id":4931,"date":"2017-08-29T10:57:49","date_gmt":"2017-08-29T15:57:49","guid":{"rendered":"http:\/\/derechosinfronteras.pe\/?p=2989"},"modified":"2017-08-29T10:57:49","modified_gmt":"2017-08-29T15:57:49","slug":"conclusiones-del-vi-congreso-provincial-de-jovenes-de-paruro","status":"publish","type":"post","link":"https:\/\/derechosinfronteras.pe\/ingles\/conclusiones-del-vi-congreso-provincial-de-jovenes-de-paruro\/","title":{"rendered":"CONCLUSIONES del VI Congreso Provincial de J\u00f3venes de Paruro"},"content":{"rendered":"<p style=\"text-align: justify;\">En el distrito de Omacha, en el auditorio de la Municipalidad distrital, \u00a0reunidos los y las j\u00f3venes de los distritos y provincia de Paruro los d\u00edas 25, 26 y 27 de agosto en el VI CONGRESO PROVINCIAL DE LA ORGANIZACI\u00d3N DE JOVENES DE LA PROVINCIA DE PARURO, despu\u00e9s de varios d\u00edas de ponencias magistrales, di\u00e1logo, an\u00e1lisis y trabajo grupales se arriba a las siguientes conclusiones:<\/p>\n<ul>\n<li style=\"text-align: justify;\">Para mejorar la situaci\u00f3n local un aspecto primordial es la defensa de nuestros derechos fundamentales y colectivos, se requiere de organizaciones sociales fuertes y empoderadas, por lo que continuaremos con el fortalecimiento de nuestra organizaci\u00f3n de j\u00f3venes de la provincia de Paruro.<\/li>\n<li style=\"text-align: justify;\">Es fundamental concientizar e involucrar a m\u00e1s j\u00f3venes, promover nuevos liderazgos para dar continuidad a la organizaci\u00f3n provincial y de cada distrito de la provincia de Paruro.<\/li>\n<li style=\"text-align: justify;\">Como j\u00f3venes debemos de tener un mayor an\u00e1lisis de lo que pasa en nuestros territorios con informaci\u00f3n clara y oportuna, ya que lo que sucede en el mundo influye en el Per\u00fa, y los que pasa en el Per\u00fa influye en el Cusco, para ello es importante seguir promoviendo eventos de capacitaci\u00f3n y encuentros de j\u00f3venes.<\/li>\n<li style=\"text-align: justify;\">Los j\u00f3venes en alianza con nuestras autoridades e instituciones debemos de trabajar en el fortalecimiento de capacidades a trav\u00e9s de nuestras propias organizaciones y de las escuelas, en diversas tem\u00e1ticas y metodolog\u00edas din\u00e1micas para desarrollar nuestras habilidades personales, sociales y pol\u00edticas.<\/li>\n<li style=\"text-align: justify;\">Nuestra Organizaci\u00f3n juvenil tiene que ser un nexo para el acceso a informaci\u00f3n especialmente sobre el cumplimiento de nuestros derechos y responsabilidades, porque un ciudadano que no est\u00e1 informado es vulnerable a ser explotado.<\/li>\n<li style=\"text-align: justify;\">Motivar la participaci\u00f3n de los y las j\u00f3venes en diferentes procesos y\/o espacios de toma de decisiones, con acciones previas de preparaci\u00f3n para nuestra participaci\u00f3n efectiva.<\/li>\n<li style=\"text-align: justify;\">Denunciar cualquier tipo de vulneraci\u00f3n de derechos de los y las j\u00f3venes, as\u00ed mismo denunciar todo tipo de corrupci\u00f3n existente en los distritos y provincia de Paruro.<\/li>\n<li style=\"text-align: justify;\">Concientizar el uso de la tecnolog\u00eda como un medio de an\u00e1lisis y cr\u00edtica a la realidad a nivel local, regional y nacional.<\/li>\n<li style=\"text-align: justify;\">Promover e incidir en los gobiernos locales para la promoci\u00f3n de ferias interculturales, eventos culturales, creaci\u00f3n de centros cultuales a fin de revalorar nuestras costumbres ancestrales.<\/li>\n<li style=\"text-align: justify;\">Visibilizar la lucha de los y las j\u00f3venes, las luchas ganadas de los j\u00f3venes deben de seguir visibiliz\u00e1ndose y depende de nosotros el seguir adelante.<\/li>\n<li style=\"text-align: justify;\">Promover la creaci\u00f3n de una <strong>subgerencia de la juventud <\/strong>en la municipalidad provincial de Paruro.<\/li>\n<li style=\"text-align: justify;\">Incidir en nuestras autoridades para la construcci\u00f3n participativa y la implementaci\u00f3n el plan provincial de la juventud.<\/li>\n<\/ul>\n<p>&nbsp;<\/p>","protected":false},"excerpt":{"rendered":"<p>En el distrito de Omacha, en el auditorio de la Municipalidad distrital, \u00a0reunidos los y las j\u00f3venes de los distritos y provincia de Paruro los d\u00edas 25, 26 y 27 de agosto en el VI CONGRESO PROVINCIAL DE LA ORGANIZACI\u00d3N DE JOVENES DE LA PROVINCIA DE PARURO, despu\u00e9s de varios d\u00edas de ponencias magistrales, di\u00e1logo, [&hellip;]<\/p>\n","protected":false},"author":1,"featured_media":4932,"comment_status":"closed","ping_status":"open","sticky":false,"template":"","format":"standard","meta":{"_monsterinsights_skip_tracking":false,"_monsterinsights_sitenote_active":false,"_monsterinsights_sitenote_note":"","_monsterinsights_sitenote_category":0,"_jetpack_memberships_contains_paid_content":false,"footnotes":"","jetpack_publicize_message":"","jetpack_publicize_feature_enabled":true,"jetpack_social_post_already_shared":false,"jetpack_social_options":{"image_generator_settings":{"template":"highway","default_image_id":0,"font":"","enabled":false},"version":2}},"categories":[1],"tags":[],"class_list":["post-4931","post","type-post","status-publish","format-standard","has-post-thumbnail","hentry","category-sin-categoria"],"blocksy_meta":[],"jetpack_publicize_connections":[],"jetpack_featured_media_url":"https:\/\/derechosinfronteras.pe\/wp-content\/uploads\/2017\/08\/Congreso-de-Jovenes.jpg","jetpack_sharing_enabled":true,"jetpack_likes_enabled":true,"_links":{"self":[{"href":"https:\/\/derechosinfronteras.pe\/ingles\/wp-json\/wp\/v2\/posts\/4931","targetHints":{"allow":["GET"]}}],"collection":[{"href":"https:\/\/derechosinfronteras.pe\/ingles\/wp-json\/wp\/v2\/posts"}],"about":[{"href":"https:\/\/derechosinfronteras.pe\/ingles\/wp-json\/wp\/v2\/types\/post"}],"author":[{"embeddable":true,"href":"https:\/\/derechosinfronteras.pe\/ingles\/wp-json\/wp\/v2\/users\/1"}],"replies":[{"embeddable":true,"href":"https:\/\/derechosinfronteras.pe\/ingles\/wp-json\/wp\/v2\/comments?post=4931"}],"version-history":[{"count":0,"href":"https:\/\/derechosinfronteras.pe\/ingles\/wp-json\/wp\/v2\/posts\/4931\/revisions"}],"wp:featuredmedia":[{"embeddable":true,"href":"https:\/\/derechosinfronteras.pe\/ingles\/wp-json\/wp\/v2\/media\/4932"}],"wp:attachment":[{"href":"https:\/\/derechosinfronteras.pe\/ingles\/wp-json\/wp\/v2\/media?parent=4931"}],"wp:term":[{"taxonomy":"category","embeddable":true,"href":"https:\/\/derechosinfronteras.pe\/ingles\/wp-json\/wp\/v2\/categories?post=4931"},{"taxonomy":"post_tag","embeddable":true,"href":"https:\/\/derechosinfronteras.pe\/ingles\/wp-json\/wp\/v2\/tags?post=4931"}],"curies":[{"name":"wp","href":"https:\/\/api.w.org\/{rel}","templated":true}]}}