{"id":4933,"date":"2017-08-28T17:24:56","date_gmt":"2017-08-28T22:24:56","guid":{"rendered":"http:\/\/derechosinfronteras.pe\/?p=2983"},"modified":"2017-08-28T17:24:56","modified_gmt":"2017-08-28T22:24:56","slug":"golpe-a-la-igualdad-pj-anula-del-curriculo-educativo-el-enfoque-de-igualdad-de-genero","status":"publish","type":"post","link":"https:\/\/derechosinfronteras.pe\/ingles\/golpe-a-la-igualdad-pj-anula-del-curriculo-educativo-el-enfoque-de-igualdad-de-genero\/","title":{"rendered":"Golpe a la Igualdad: PJ anula del curr\u00edculo educativo el enfoque de igualdad de g\u00e9nero"},"content":{"rendered":"<p style=\"text-align: justify;\">La Primera Sala Civil de la Corte Superior de Justicia de Lima, presidida por Ana Valc\u00e1rcel, resolvi\u00f3 declarar nula la <strong>Resoluci\u00f3n Ministerial N\u00b0281-2016-MINEDU<\/strong>, con la que se aprob\u00f3 el Curr\u00edculo Nacional de Educaci\u00f3n B\u00e1sica, el mismo que inclu\u00eda enfoques transversales como el de IGUALDA DE G\u00c9NERO.<\/p>\n<p style=\"text-align: justify;\">La sala decidi\u00f3 que anular el texto del ac\u00e1pite II de la gu\u00eda pedag\u00f3gica: <strong>\u00abSi bien que aquello que consideramos femenino o masculino se basa en una diferencia biol\u00f3gica sexual, estas son nociones que vamos construyendo d\u00eda a d\u00eda, en nuestras interacciones\u00bb<\/strong><\/p>\n<p style=\"text-align: justify;\">La demanda fue impuesta por <strong>Accci\u00f3n Popular<\/strong> y el colectivo <strong>Padres en Acci\u00f3n (PEA) <\/strong>en enero del 2017, en la que solicitaron la eliminaci\u00f3n total del plan curricular. Sin embargo, el PJ decidi\u00f3 anular el p\u00e1rrafo cuestionado por colectivos como PEA o \u2018Con Mis hijos no te metas\u2019.<\/p>\n<p style=\"text-align: justify;\">La resoluci\u00f3n ser\u00e1 elevada a la Corte Suprema, donde se decidir\u00e1 si ratifica o revoca la decisi\u00f3n del PJ.<\/p>\n<p style=\"text-align: justify;\">Cabe se\u00f1alar, que en marzo del presente a\u00f1o, la UNESCO felicit\u00f3 al Estado Peruano por sus avances en pol\u00edticas de inclusi\u00f3n e igualdad, haciendo referencia a los enfoques transversales que se incluyen en el plan curricular educativo. La medida tomada por el PJ afectar\u00eda la formaci\u00f3n en igualdad y respeto de las diferentes que propone el MINEDU.<\/p>\n<p>&nbsp;<\/p>","protected":false},"excerpt":{"rendered":"<p>La Primera Sala Civil de la Corte Superior de Justicia de Lima, presidida por Ana Valc\u00e1rcel, resolvi\u00f3 declarar nula la Resoluci\u00f3n Ministerial N\u00b0281-2016-MINEDU, con la que se aprob\u00f3 el Curr\u00edculo Nacional de Educaci\u00f3n B\u00e1sica, el mismo que inclu\u00eda enfoques transversales como el de IGUALDA DE G\u00c9NERO. La sala decidi\u00f3 que anular el texto del ac\u00e1pite [&hellip;]<\/p>\n","protected":false},"author":1,"featured_media":4934,"comment_status":"closed","ping_status":"open","sticky":false,"template":"","format":"standard","meta":{"_monsterinsights_skip_tracking":false,"_monsterinsights_sitenote_active":false,"_monsterinsights_sitenote_note":"","_monsterinsights_sitenote_category":0,"_jetpack_memberships_contains_paid_content":false,"footnotes":"","jetpack_publicize_message":"","jetpack_publicize_feature_enabled":true,"jetpack_social_post_already_shared":false,"jetpack_social_options":{"image_generator_settings":{"template":"highway","default_image_id":0,"font":"","enabled":false},"version":2}},"categories":[1],"tags":[],"class_list":["post-4933","post","type-post","status-publish","format-standard","has-post-thumbnail","hentry","category-sin-categoria"],"blocksy_meta":[],"jetpack_publicize_connections":[],"jetpack_featured_media_url":"https:\/\/derechosinfronteras.pe\/wp-content\/uploads\/2017\/08\/Igualdad-de-generop.jpg","jetpack_sharing_enabled":true,"jetpack_likes_enabled":true,"_links":{"self":[{"href":"https:\/\/derechosinfronteras.pe\/ingles\/wp-json\/wp\/v2\/posts\/4933","targetHints":{"allow":["GET"]}}],"collection":[{"href":"https:\/\/derechosinfronteras.pe\/ingles\/wp-json\/wp\/v2\/posts"}],"about":[{"href":"https:\/\/derechosinfronteras.pe\/ingles\/wp-json\/wp\/v2\/types\/post"}],"author":[{"embeddable":true,"href":"https:\/\/derechosinfronteras.pe\/ingles\/wp-json\/wp\/v2\/users\/1"}],"replies":[{"embeddable":true,"href":"https:\/\/derechosinfronteras.pe\/ingles\/wp-json\/wp\/v2\/comments?post=4933"}],"version-history":[{"count":0,"href":"https:\/\/derechosinfronteras.pe\/ingles\/wp-json\/wp\/v2\/posts\/4933\/revisions"}],"wp:featuredmedia":[{"embeddable":true,"href":"https:\/\/derechosinfronteras.pe\/ingles\/wp-json\/wp\/v2\/media\/4934"}],"wp:attachment":[{"href":"https:\/\/derechosinfronteras.pe\/ingles\/wp-json\/wp\/v2\/media?parent=4933"}],"wp:term":[{"taxonomy":"category","embeddable":true,"href":"https:\/\/derechosinfronteras.pe\/ingles\/wp-json\/wp\/v2\/categories?post=4933"},{"taxonomy":"post_tag","embeddable":true,"href":"https:\/\/derechosinfronteras.pe\/ingles\/wp-json\/wp\/v2\/tags?post=4933"}],"curies":[{"name":"wp","href":"https:\/\/api.w.org\/{rel}","templated":true}]}}