{"id":4935,"date":"2017-08-28T16:02:54","date_gmt":"2017-08-28T21:02:54","guid":{"rendered":"http:\/\/derechosinfronteras.pe\/?p=2979"},"modified":"2017-08-28T16:02:54","modified_gmt":"2017-08-28T21:02:54","slug":"memorial-ii-foro-provincial-de-paruro-acceso-uso-y-gestion-del-agua-en-el-contexto-de-cambio-climatico","status":"publish","type":"post","link":"https:\/\/derechosinfronteras.pe\/ingles\/memorial-ii-foro-provincial-de-paruro-acceso-uso-y-gestion-del-agua-en-el-contexto-de-cambio-climatico\/","title":{"rendered":"MEMORIAL: II Foro Provincial de Paruro: Acceso, uso y gesti\u00f3n del agua en el contexto de cambio clim\u00e1tico"},"content":{"rendered":"<p style=\"text-align: justify;\">En el coliseo del distrito de Huanoquite a los veinticuatro d\u00edas del mes de agosto del a\u00f1o del dos mil diecisiete, 345 ciudadanos y ciudadanas, autoridades, productoras y productores campesinos, l\u00edderes comunales de los distritos de Accha, Ccapi, Colcha, Huanoquite, Yaurisque, Paccarectambo, Pillpinto y Omacha reunidos en el <strong>II FORO PROVINCIAL: ACCESO, USO Y GESTI\u00d3N DEL AGUA EN EL CONTEXTO DE CAMBIO CLIM\u00c1TICO<\/strong>, bajo el lema<strong> \u201cCabeceras de cuenca sustento para la vida\u201d<\/strong>, con el objetivo de construir una agenda de Gesti\u00f3n del Agua a nivel provincial, con acuerdos concretos para el tratamiento de cabeceras de cuencas y reflexionando sobre los diversos proyectos que se vienen impulsando para el uso y acceso al agua de riego y de consumo humano. Luego de las exposiciones de expertos sobre: <strong>i) Gesti\u00f3n del agua, ii) Protecci\u00f3n de las cabeceras de cuencas, iii) el Marco de las leyes ambientales y de recursos h\u00eddricos; y iv) Presentaciones de experiencias sobre conservaci\u00f3n y preservaci\u00f3n de manantes de diversas comunidades campesinas de la provincia.<\/strong><\/p>\n<p style=\"text-align: justify;\">Bajo ese marco recogemos diversas preocupaciones de la situaci\u00f3n de las comunidades campesinas en la provincia de Paruro frente al agua en un contexto del cambio clim\u00e1tico:<\/p>\n<ul style=\"text-align: justify;\">\n<li>Teniendo en cuenta que el agua es un recurso b\u00e1sico para la vida, para la producci\u00f3n y para una vida arm\u00f3nica con la naturaleza en nuestra sociedad, son las cabeceras de cuenca (la parte alta de la cuenca) las m\u00e1s afectadas por la disminuci\u00f3n del agua como efecto de la variaci\u00f3n del clima.<\/li>\n<li>Los fen\u00f3menos clim\u00e1ticos son cada vez m\u00e1s extremos: lluvias intensas, sequias prolongadas, recarga de r\u00edos que producen huaycos, aparici\u00f3n de plagas; todo ello afecta la producci\u00f3n y la calidad de vida de la poblaci\u00f3n altoandina y de forma particular de los distritos de Paruro que viven en condiciones de vulneraci\u00f3n y pobreza.<\/li>\n<li>Vemos la necesidad de priorizar mayores proyectos de inversi\u00f3n con enfoque de cuenca y ordenamiento territorial que ayuden en la protecci\u00f3n de nuestra naturaleza, forestaci\u00f3n, recuperaci\u00f3n de la cobertura forestal, protecci\u00f3n de manantes, siembra y cosecha de agua y de gesti\u00f3n de riegos; para enfrentar el futuro con m\u00e1s posibilidades.<\/li>\n<li>Vamos avanzando en nuestras capacidades de distribuci\u00f3n del agua de riego, sin embargo estas capacidades se requieren mejorar para un uso m\u00e1s eficiente en todas las comunidades de la provincia.<\/li>\n<li>Tenemos muchas dificultades de acceso a la oficina de la Autoridad Local del Agua (ALA), puesto que se encuentra en la provincia de Espinar, lo que conlleva el traslado de varios d\u00edas por la distancia y la no existencia de transporte directo hasta esa provincia, retrasando as\u00ed proyectos locales y comunales.<\/li>\n<\/ul>\n<p style=\"text-align: justify;\">Por todo ello y luego de un amplio di\u00e1logo, la asamblea de este foro acord\u00f3 por consenso alcanzar el presente memorial, solicitando a las autoridades competentes lo siguiente:<\/p>\n<p style=\"text-align: justify;\"><strong>Primero:<\/strong> \u00a0 \u00a0Exigir la agilizaci\u00f3n de los tr\u00e1mites para el reconocimiento de las comunidades campesinas y organizaciones de usuarios de agua para riego y los procesos de licencia para el uso del agua de las diversas fuentes a las autoridades competentes del ANA y de sus oficinas encargadas.<\/p>\n<p style=\"text-align: justify;\"><strong>Segundo:<\/strong> Solicitar la instalaci\u00f3n de una oficina descentralizada de la Autoridad Local del Agua ALA en la provincia de Paruro, porque se entrampan mucho proyectos de saneamiento y de riego, dificultando la adecuada gesti\u00f3n del agua en nuestras comunidades.<\/p>\n<p style=\"text-align: justify;\"><strong>Tercero:\u00a0<\/strong> Instar a la Autoridad Local del Agua ALA acompa\u00f1amiento real en los procesos de reconocimiento de las comunidades campesinas o constituci\u00f3n de organizaciones para ser usuarios de agua, fortaleciendo capacidades de los comit\u00e9s y comisiones de usuarios para un acceso, uso y gesti\u00f3n eficiente de nuestro recurso h\u00eddrico.<\/p>\n<p style=\"text-align: justify;\">Nos ratificamos en que el agua es un recurso valioso, que desde cientos de a\u00f1os nuestras comunidades y poblaciones locales la gestionan de manera sostenible, hoy esta forma ancestral de gesti\u00f3n se ve cuestionado por grupos de inter\u00e9s econ\u00f3mico nacional y transnacional, haciendo el uso desmedido del agua, priorizando lo econ\u00f3mico antes que el consumo humano y relegando a las comunidades campesinas de sus derechos consuetudinarios y de una vida digna.<\/p>\n<p style=\"text-align: justify;\">En virtud de lo expresado los abajo firmantes damos legitimidad a este memorial.<\/p>\n<p style=\"text-align: right;\"><strong>Paruro &#8211; Huanoquite, 24 de agosto de 2017.<\/strong><\/p>","protected":false},"excerpt":{"rendered":"<p>En el coliseo del distrito de Huanoquite a los veinticuatro d\u00edas del mes de agosto del a\u00f1o del dos mil diecisiete, 345 ciudadanos y ciudadanas, autoridades, productoras y productores campesinos, l\u00edderes comunales de los distritos de Accha, Ccapi, Colcha, Huanoquite, Yaurisque, Paccarectambo, Pillpinto y Omacha reunidos en el II FORO PROVINCIAL: ACCESO, USO Y GESTI\u00d3N [&hellip;]<\/p>\n","protected":false},"author":1,"featured_media":4936,"comment_status":"closed","ping_status":"open","sticky":false,"template":"","format":"standard","meta":{"_monsterinsights_skip_tracking":false,"_monsterinsights_sitenote_active":false,"_monsterinsights_sitenote_note":"","_monsterinsights_sitenote_category":0,"_jetpack_memberships_contains_paid_content":false,"footnotes":"","jetpack_publicize_message":"","jetpack_publicize_feature_enabled":true,"jetpack_social_post_already_shared":false,"jetpack_social_options":{"image_generator_settings":{"template":"highway","default_image_id":0,"font":"","enabled":false},"version":2}},"categories":[1],"tags":[],"class_list":["post-4935","post","type-post","status-publish","format-standard","has-post-thumbnail","hentry","category-sin-categoria"],"blocksy_meta":[],"jetpack_publicize_connections":[],"jetpack_featured_media_url":"https:\/\/derechosinfronteras.pe\/wp-content\/uploads\/2017\/08\/Memorial-Foro-e1503954113842.jpg","jetpack_sharing_enabled":true,"jetpack_likes_enabled":true,"_links":{"self":[{"href":"https:\/\/derechosinfronteras.pe\/ingles\/wp-json\/wp\/v2\/posts\/4935","targetHints":{"allow":["GET"]}}],"collection":[{"href":"https:\/\/derechosinfronteras.pe\/ingles\/wp-json\/wp\/v2\/posts"}],"about":[{"href":"https:\/\/derechosinfronteras.pe\/ingles\/wp-json\/wp\/v2\/types\/post"}],"author":[{"embeddable":true,"href":"https:\/\/derechosinfronteras.pe\/ingles\/wp-json\/wp\/v2\/users\/1"}],"replies":[{"embeddable":true,"href":"https:\/\/derechosinfronteras.pe\/ingles\/wp-json\/wp\/v2\/comments?post=4935"}],"version-history":[{"count":0,"href":"https:\/\/derechosinfronteras.pe\/ingles\/wp-json\/wp\/v2\/posts\/4935\/revisions"}],"wp:featuredmedia":[{"embeddable":true,"href":"https:\/\/derechosinfronteras.pe\/ingles\/wp-json\/wp\/v2\/media\/4936"}],"wp:attachment":[{"href":"https:\/\/derechosinfronteras.pe\/ingles\/wp-json\/wp\/v2\/media?parent=4935"}],"wp:term":[{"taxonomy":"category","embeddable":true,"href":"https:\/\/derechosinfronteras.pe\/ingles\/wp-json\/wp\/v2\/categories?post=4935"},{"taxonomy":"post_tag","embeddable":true,"href":"https:\/\/derechosinfronteras.pe\/ingles\/wp-json\/wp\/v2\/tags?post=4935"}],"curies":[{"name":"wp","href":"https:\/\/api.w.org\/{rel}","templated":true}]}}