{"id":4937,"date":"2017-08-28T11:59:46","date_gmt":"2017-08-28T16:59:46","guid":{"rendered":"http:\/\/derechosinfronteras.pe\/?p=2977"},"modified":"2017-08-28T11:59:46","modified_gmt":"2017-08-28T16:59:46","slug":"espinar-tres-canones-es-declarado-area-de-conversacion-regional","status":"publish","type":"post","link":"https:\/\/derechosinfronteras.pe\/ingles\/espinar-tres-canones-es-declarado-area-de-conversacion-regional\/","title":{"rendered":"Espinar: Tres Ca\u00f1ones es declarado \u00c1rea de Conservaci\u00f3n Regional"},"content":{"rendered":"<p style=\"text-align: justify;\">Con \u00a0Decreto Supremo <strong>N\u00ba 006-2017-MINAM<\/strong>, Tres Ca\u00f1ones, ubicado en los distritos de <strong>Coporaque y Suyckutambo<\/strong> (Espinar \u2013 Cusco) fue reconocido como \u00c1rea de Conservaci\u00f3n Regiona (ACR).<\/p>\n<p style=\"text-align: justify;\">Tres Ca\u00f1ones es una zona que destaca por sus imponentes bosques de piedra, pajonales, atractivos arqueol\u00f3gicos y los ca\u00f1ones que est\u00e1n vinculados al ca\u00f1\u00f3n del Colca en Arequipa. Con esta declaratoria, se podr\u00e1 proteger a ca\u00f1ones de entre <strong>80 y 250 metros de altura<\/strong>, bosques de piedras de m\u00e1s de <strong>2500 millones de a\u00f1os<\/strong>, puyas Raimondi, fauna silvestre (c\u00f3ndores y vizcachas), zonas arqueol\u00f3gicas que se mantienen conservadas, espacios para deporte extremo. La declaratoria tambi\u00e9n permitir\u00e1 promover y regular el turismo, que cada vez es m\u00e1s concurrido por turistas nacionales y extranjeros, que ven la zona como un lugar ideal para practicar canotaje, trekking, entre otros deportes.<\/p>\n<p style=\"text-align: justify;\">Cabe resaltar que esta iniciativa fue una experiencia colectiva, pues fueron las comunidades campesinas de Mamanihuayta, Manturca, Cerritambo,\u00a0y el Gobierno Regional de Cusco quienes realizaron los tr\u00e1mites correspondientes ante el <strong>\u00a0Servicio Nacional de \u00c1reas Naturales Protegidas por el Estado (SERNANP),<\/strong> <strong>Minam y la PCM<\/strong> y lograr conseguir la protecci\u00f3n de m\u00e1s 40 mil hect\u00e1reas.<\/p>\n<p style=\"text-align: justify;\">Esta articulaci\u00f3n entre comunidades y autoridades locales, permitir\u00e1 empoderar a las y los pobladores de la provincia de Espinar a incursionar en el rubro tur\u00edstico para generar una nueva <strong>actividad econ\u00f3mica alterna a la miner\u00eda.<\/strong><\/p>\n<p>&nbsp;<\/p>","protected":false},"excerpt":{"rendered":"<p>Con \u00a0Decreto Supremo N\u00ba 006-2017-MINAM, Tres Ca\u00f1ones, ubicado en los distritos de Coporaque y Suyckutambo (Espinar \u2013 Cusco) fue reconocido como \u00c1rea de Conservaci\u00f3n Regiona (ACR). Tres Ca\u00f1ones es una zona que destaca por sus imponentes bosques de piedra, pajonales, atractivos arqueol\u00f3gicos y los ca\u00f1ones que est\u00e1n vinculados al ca\u00f1\u00f3n del Colca en Arequipa. Con [&hellip;]<\/p>\n","protected":false},"author":1,"featured_media":4938,"comment_status":"closed","ping_status":"open","sticky":false,"template":"","format":"standard","meta":{"_monsterinsights_skip_tracking":false,"_monsterinsights_sitenote_active":false,"_monsterinsights_sitenote_note":"","_monsterinsights_sitenote_category":0,"_jetpack_memberships_contains_paid_content":false,"footnotes":"","jetpack_publicize_message":"","jetpack_publicize_feature_enabled":true,"jetpack_social_post_already_shared":false,"jetpack_social_options":{"image_generator_settings":{"template":"highway","default_image_id":0,"font":"","enabled":false},"version":2}},"categories":[1],"tags":[],"class_list":["post-4937","post","type-post","status-publish","format-standard","has-post-thumbnail","hentry","category-sin-categoria"],"blocksy_meta":[],"jetpack_publicize_connections":[],"jetpack_featured_media_url":"https:\/\/derechosinfronteras.pe\/wp-content\/uploads\/2017\/04\/DSC_0290-2-e1503934270787.jpg","jetpack_sharing_enabled":true,"jetpack_likes_enabled":true,"_links":{"self":[{"href":"https:\/\/derechosinfronteras.pe\/ingles\/wp-json\/wp\/v2\/posts\/4937","targetHints":{"allow":["GET"]}}],"collection":[{"href":"https:\/\/derechosinfronteras.pe\/ingles\/wp-json\/wp\/v2\/posts"}],"about":[{"href":"https:\/\/derechosinfronteras.pe\/ingles\/wp-json\/wp\/v2\/types\/post"}],"author":[{"embeddable":true,"href":"https:\/\/derechosinfronteras.pe\/ingles\/wp-json\/wp\/v2\/users\/1"}],"replies":[{"embeddable":true,"href":"https:\/\/derechosinfronteras.pe\/ingles\/wp-json\/wp\/v2\/comments?post=4937"}],"version-history":[{"count":0,"href":"https:\/\/derechosinfronteras.pe\/ingles\/wp-json\/wp\/v2\/posts\/4937\/revisions"}],"wp:featuredmedia":[{"embeddable":true,"href":"https:\/\/derechosinfronteras.pe\/ingles\/wp-json\/wp\/v2\/media\/4938"}],"wp:attachment":[{"href":"https:\/\/derechosinfronteras.pe\/ingles\/wp-json\/wp\/v2\/media?parent=4937"}],"wp:term":[{"taxonomy":"category","embeddable":true,"href":"https:\/\/derechosinfronteras.pe\/ingles\/wp-json\/wp\/v2\/categories?post=4937"},{"taxonomy":"post_tag","embeddable":true,"href":"https:\/\/derechosinfronteras.pe\/ingles\/wp-json\/wp\/v2\/tags?post=4937"}],"curies":[{"name":"wp","href":"https:\/\/api.w.org\/{rel}","templated":true}]}}