{"id":4939,"date":"2017-08-25T13:03:41","date_gmt":"2017-08-25T18:03:41","guid":{"rendered":"http:\/\/derechosinfronteras.pe\/?p=2970"},"modified":"2017-08-25T13:03:41","modified_gmt":"2017-08-25T18:03:41","slug":"laverdadesunasola-caso-de-esterilizaciones-forzadas-en-cusco","status":"publish","type":"post","link":"https:\/\/derechosinfronteras.pe\/ingles\/laverdadesunasola-caso-de-esterilizaciones-forzadas-en-cusco\/","title":{"rendered":"#LaVerdadEsUnaSola: Caso de Esterilizaciones Forzadas en Cusco"},"content":{"rendered":"<p style=\"text-align: justify;\">En la Feria Internacional del Libro de Lima, se present\u00f3 el libro\u00a0<strong>\u2018La verdad de una mentira\u2019<\/strong>\u00a0cuya autora es Mar\u00eda Cecilia Villegas. El contenido principal es cuestionar la certeza de los casos de esterilizaciones forzadas en el gobierno de Alberto Fujimori.<\/p>\n<p style=\"text-align: justify;\">El controversial libro ha recibido muchas cr\u00edticas por tratar de reducir a una mentira las violaciones de derechos humanos que sufrieron miles mujeres al haber sido esterilizadas en contra de su voluntad en el marco de la ejecuci\u00f3n del <strong>Programa Nacional de Salud Reproductiva y Planificaci\u00f3n Familiar (PNSRPF)<\/strong>, implementado por <strong>Alberto Fujimori en 1995<\/strong>, que termin\u00f3 siendo un instrumento de control demogr\u00e1fico obligatorio bajo el que se realizaron innumerables esterilizaciones forzadas sujetas a un sistema de cuotas que viol\u00f3 los derechos fundamentales de miles de mujeres y hombres de comunidades ind\u00edgenas y campesinas. El PNSRPF se convirti\u00f3 en el programa m\u00e1s compulsivo y violento de Am\u00e9rica Latina, pues no solo se realiz\u00f3 bajo enga\u00f1o o coacci\u00f3n sino en deplorables condiciones m\u00e9dicas.<\/p>\n<p style=\"text-align: justify;\"><strong>\u2018\u2026Estaba mal de salud y visit\u00e9 la posta para recibir medicamentos. No me dieron nada y me detuvieron en la posta. Despu\u00e9s no s\u00e9 qu\u00e9 me habr\u00e1n dado, no me acuerdo de nada. Aparec\u00ed en el hospital de Cusco. Me ataron a una cama, pero ya me hab\u00edan operado, no me acordaba de nada\u2026nadie de mi familia sab\u00eda de la operaci\u00f3n. Estaba abandonada en Cusco\u2019<\/strong> Testimonio de integrante de la Asociaci\u00f3n de Mujeres Afectadas por Esterilizaciones Forzadas en Chumbivilcas.<\/p>\n<p style=\"text-align: justify;\">Organizaciones, Instituciones y Sociedad Civil se han pronunciado en contra de los contenidos del libro en menci\u00f3n que con argumentos poco v\u00e1lidas intenta demostrar que las esterilizaciones no fueron parte de una pol\u00edtica del gobierno fujimorista, pues existen pruebas, denuncias y registros de las v\u00edctimas en todo el pa\u00eds. En Cusco las provincias de <strong>Anta y Chumbivilcas<\/strong> fueron las m\u00e1s afectadas por casos de esterilizaci\u00f3n.<\/p>\n<p style=\"text-align: justify;\">El Estado ha emprendido el proceso de <strong>Registro de V\u00edctimas de Esterilizaciones Forzadas (REVIESFO)<\/strong>, que hasta el 31 de diciembre del 2016, se han registrado 1321 v\u00edctimas (solo en Cusco):<\/p>\n<p><img fetchpriority=\"high\" decoding=\"async\" class=\"aligncenter size-full wp-image-2971\" src=\"http:\/\/derechosinfronteras.pe\/wp-content\/uploads\/2017\/08\/Cuadro-Esterilizadas.jpg\" alt=\"\" width=\"595\" height=\"218\" \/><br \/>\n<strong>*Para inscribirse al REVIESFO, debe acercarse a la Direcci\u00f3n Distrital de Defensa P\u00fablica y Acceso a la Justicia: Av. Micaela Bastidas #657 \u2013 D, Wanchaq. Telf. 084-241868. De 7:30 a.m. a 1:00 p.m. y de 2:00 p.m. a 5:00 p.m.<\/strong><\/p>","protected":false},"excerpt":{"rendered":"<p>En la Feria Internacional del Libro de Lima, se present\u00f3 el libro\u00a0\u2018La verdad de una mentira\u2019\u00a0cuya autora es Mar\u00eda Cecilia Villegas. El contenido principal es cuestionar la certeza de los casos de esterilizaciones forzadas en el gobierno de Alberto Fujimori. El controversial libro ha recibido muchas cr\u00edticas por tratar de reducir a una mentira las [&hellip;]<\/p>\n","protected":false},"author":1,"featured_media":4940,"comment_status":"closed","ping_status":"open","sticky":false,"template":"","format":"standard","meta":{"_monsterinsights_skip_tracking":false,"_monsterinsights_sitenote_active":false,"_monsterinsights_sitenote_note":"","_monsterinsights_sitenote_category":0,"_jetpack_memberships_contains_paid_content":false,"footnotes":"","jetpack_publicize_message":"","jetpack_publicize_feature_enabled":true,"jetpack_social_post_already_shared":false,"jetpack_social_options":{"image_generator_settings":{"template":"highway","default_image_id":0,"font":"","enabled":false},"version":2}},"categories":[1],"tags":[],"class_list":["post-4939","post","type-post","status-publish","format-standard","has-post-thumbnail","hentry","category-sin-categoria"],"blocksy_meta":[],"jetpack_publicize_connections":[],"jetpack_featured_media_url":"https:\/\/derechosinfronteras.pe\/wp-content\/uploads\/2017\/08\/infografia-para-el-sabado-Max-01-1-e1503684119528.jpg","jetpack_sharing_enabled":true,"jetpack_likes_enabled":true,"_links":{"self":[{"href":"https:\/\/derechosinfronteras.pe\/ingles\/wp-json\/wp\/v2\/posts\/4939","targetHints":{"allow":["GET"]}}],"collection":[{"href":"https:\/\/derechosinfronteras.pe\/ingles\/wp-json\/wp\/v2\/posts"}],"about":[{"href":"https:\/\/derechosinfronteras.pe\/ingles\/wp-json\/wp\/v2\/types\/post"}],"author":[{"embeddable":true,"href":"https:\/\/derechosinfronteras.pe\/ingles\/wp-json\/wp\/v2\/users\/1"}],"replies":[{"embeddable":true,"href":"https:\/\/derechosinfronteras.pe\/ingles\/wp-json\/wp\/v2\/comments?post=4939"}],"version-history":[{"count":0,"href":"https:\/\/derechosinfronteras.pe\/ingles\/wp-json\/wp\/v2\/posts\/4939\/revisions"}],"wp:featuredmedia":[{"embeddable":true,"href":"https:\/\/derechosinfronteras.pe\/ingles\/wp-json\/wp\/v2\/media\/4940"}],"wp:attachment":[{"href":"https:\/\/derechosinfronteras.pe\/ingles\/wp-json\/wp\/v2\/media?parent=4939"}],"wp:term":[{"taxonomy":"category","embeddable":true,"href":"https:\/\/derechosinfronteras.pe\/ingles\/wp-json\/wp\/v2\/categories?post=4939"},{"taxonomy":"post_tag","embeddable":true,"href":"https:\/\/derechosinfronteras.pe\/ingles\/wp-json\/wp\/v2\/tags?post=4939"}],"curies":[{"name":"wp","href":"https:\/\/api.w.org\/{rel}","templated":true}]}}