{"id":4942,"date":"2017-08-25T09:26:05","date_gmt":"2017-08-25T14:26:05","guid":{"rendered":"http:\/\/derechosinfronteras.pe\/?p=2964"},"modified":"2017-08-25T09:26:05","modified_gmt":"2017-08-25T14:26:05","slug":"por-una-educacion-al-servicio-del-pais-dialogo-y-solucion-pacifica-a-la-huelga-magisterial","status":"publish","type":"post","link":"https:\/\/derechosinfronteras.pe\/ingles\/por-una-educacion-al-servicio-del-pais-dialogo-y-solucion-pacifica-a-la-huelga-magisterial\/","title":{"rendered":"Por una educaci\u00f3n al servicio del pa\u00eds: di\u00e1logo y soluci\u00f3n pac\u00edfica a la huelga magisterial"},"content":{"rendered":"<div class=\"_2cuy _3dgx _2vxa\" style=\"text-align: justify;\">Las diversas organizaciones gremiales, de j\u00f3venes, mujeres, estudiantiles, de derechos humanos, sociales, y p\u00fablico en general, quienes firmamos este pronunciamiento frente a la coyuntura de la protesta de los maestros y maestras de todo el Per\u00fa, manifestamos lo siguiente:<\/div>\n<div class=\"_2cuy _3dgx _2vxa\" style=\"text-align: justify;\"><\/div>\n<div class=\"_2cuy _3dgx _2vxa\" style=\"text-align: justify;\">1. La resoluci\u00f3n de la huelga magisterial debe darse a trav\u00e9s del di\u00e1logo y en el marco de canales democr\u00e1ticos y pac\u00edficos, sin represi\u00f3n ni discriminaci\u00f3n. Por ello, exhortamos al gobierno a materializar este espacio con los representantes de la huelga, quienes han mostrado amplia voluntad de di\u00e1logo.<\/div>\n<div class=\"_2cuy _3dgx _2vxa\" style=\"text-align: justify;\"><\/div>\n<div class=\"_2cuy _3dgx _2vxa\" style=\"text-align: justify;\">2. Que rechazamos en forma en\u00e9rgica la campa\u00f1a de estigmatizaci\u00f3n orientada a criminalizar y deslegitimar a quienes ejercen su derecho a la protesta. Esta campa\u00f1a, que involucra a miembros del poder ejecutivo, evidencia una incapacidad para resolver correcta y democr\u00e1ticamente el actual conflicto, conduci\u00e9ndonos hacia un escenario de mayor polarizaci\u00f3n y confrontaci\u00f3n. Del mismo modo, exhortamos a los sectores que se encuentran en movilizaci\u00f3n a continuar sus protestas de forma pac\u00edfica y democr\u00e1tica.<\/div>\n<div class=\"_2cuy _3dgx _2vxa\" style=\"text-align: justify;\"><\/div>\n<div class=\"_2cuy _3dgx _2vxa\" style=\"text-align: justify;\">3. Que la educaci\u00f3n p\u00fablica en el pa\u00eds atraviesa por una severa crisis que la afecta en todos sus niveles , y cuyos resultados en el tiempo se expresan en la baja calidad de la oferta educativa. Con uno de los presupuestos m\u00e1s bajos en Am\u00e9rica Latina, la educaci\u00f3n p\u00fablica cuenta con un profesorado mal remunerado, que carece de un adecuado sistema de est\u00edmulo y promoci\u00f3n. Esta situaci\u00f3n requiere de la mayor voluntad del actual gobierno para resolver en forma integral los problemas de fondo de la educaci\u00f3n, empezando por priorizar y ampliar sustantivamente el presupuesto del sector.<\/div>\n<div class=\"_2cuy _3dgx _2vxa\" style=\"text-align: justify;\"><\/div>\n<div class=\"_2cuy _3dgx _2vxa\" style=\"text-align: justify;\">4. Finalmente, hacemos un llamado a toda la ciudadan\u00eda, a todas las organizaciones sociales, que valoran la democracia y la necesidad de cambios para alcanzar un desarrollo nacional con justicia, a solidarizarse con los maestros y maestras que se encuentran en una huelga de alcance nacional, y en particular en Lima, donde requieren del apoyo humanitario de todas y todos.<\/div>\n<div class=\"_2cuy _3dgx _2vxa\" style=\"text-align: justify;\"><\/div>\n<div class=\"_2cuy _3dgx _2vxa\" style=\"text-align: right;\"><span class=\"_4yxo\">Lima, 17 de Agosto de 2017<\/span><\/div>\n<div class=\"_2cuy _3dgx _2vxa\" style=\"text-align: right;\"><\/div>\n<div class=\"_2cuy _3dgx _2vxa\" style=\"text-align: right;\">Firman: Coordinadora Nacional de Derechos Humanos,\u00a0Asociaci\u00f3n Nacional de Centros (ANC); FOROSALUD; Asociaci\u00f3n Pro Derechos Humanos (APRODEH); Servicios Educativos Rurales; Centro de la Mujer Peruana Flora Trist\u00e1n; Movimiento Manuela Ramos; Instituto de Defensa Legal (IDL); Comisi\u00f3n de Justicia Social \u2013 Chimbote, contin\u00faa lista de organizaciones e instituciones.<\/div>\n<div class=\"_2cuy _3dgx _2vxa\" style=\"text-align: right;\"><\/div>\n<div class=\"_2cuy _3dgx _2vxa\" style=\"text-align: right;\">Foto: ACTUA.PE<\/div>","protected":false},"excerpt":{"rendered":"<p>Las diversas organizaciones gremiales, de j\u00f3venes, mujeres, estudiantiles, de derechos humanos, sociales, y p\u00fablico en general, quienes firmamos este pronunciamiento frente a la coyuntura de la protesta de los maestros y maestras de todo el Per\u00fa, manifestamos lo siguiente: 1. La resoluci\u00f3n de la huelga magisterial debe darse a trav\u00e9s del di\u00e1logo y en el [&hellip;]<\/p>\n","protected":false},"author":1,"featured_media":4943,"comment_status":"closed","ping_status":"open","sticky":false,"template":"","format":"standard","meta":{"_monsterinsights_skip_tracking":false,"_monsterinsights_sitenote_active":false,"_monsterinsights_sitenote_note":"","_monsterinsights_sitenote_category":0,"_jetpack_memberships_contains_paid_content":false,"footnotes":"","jetpack_publicize_message":"","jetpack_publicize_feature_enabled":true,"jetpack_social_post_already_shared":false,"jetpack_social_options":{"image_generator_settings":{"template":"highway","default_image_id":0,"font":"","enabled":false},"version":2}},"categories":[1],"tags":[],"class_list":["post-4942","post","type-post","status-publish","format-standard","has-post-thumbnail","hentry","category-sin-categoria"],"blocksy_meta":[],"jetpack_publicize_connections":[],"jetpack_featured_media_url":"https:\/\/derechosinfronteras.pe\/wp-content\/uploads\/2017\/08\/Maestros.jpg","jetpack_sharing_enabled":true,"jetpack_likes_enabled":true,"_links":{"self":[{"href":"https:\/\/derechosinfronteras.pe\/ingles\/wp-json\/wp\/v2\/posts\/4942","targetHints":{"allow":["GET"]}}],"collection":[{"href":"https:\/\/derechosinfronteras.pe\/ingles\/wp-json\/wp\/v2\/posts"}],"about":[{"href":"https:\/\/derechosinfronteras.pe\/ingles\/wp-json\/wp\/v2\/types\/post"}],"author":[{"embeddable":true,"href":"https:\/\/derechosinfronteras.pe\/ingles\/wp-json\/wp\/v2\/users\/1"}],"replies":[{"embeddable":true,"href":"https:\/\/derechosinfronteras.pe\/ingles\/wp-json\/wp\/v2\/comments?post=4942"}],"version-history":[{"count":0,"href":"https:\/\/derechosinfronteras.pe\/ingles\/wp-json\/wp\/v2\/posts\/4942\/revisions"}],"wp:featuredmedia":[{"embeddable":true,"href":"https:\/\/derechosinfronteras.pe\/ingles\/wp-json\/wp\/v2\/media\/4943"}],"wp:attachment":[{"href":"https:\/\/derechosinfronteras.pe\/ingles\/wp-json\/wp\/v2\/media?parent=4942"}],"wp:term":[{"taxonomy":"category","embeddable":true,"href":"https:\/\/derechosinfronteras.pe\/ingles\/wp-json\/wp\/v2\/categories?post=4942"},{"taxonomy":"post_tag","embeddable":true,"href":"https:\/\/derechosinfronteras.pe\/ingles\/wp-json\/wp\/v2\/tags?post=4942"}],"curies":[{"name":"wp","href":"https:\/\/api.w.org\/{rel}","templated":true}]}}