{"id":4946,"date":"2017-08-24T16:47:34","date_gmt":"2017-08-24T21:47:34","guid":{"rendered":"http:\/\/derechosinfronteras.pe\/?p=2954"},"modified":"2017-08-24T16:47:34","modified_gmt":"2017-08-24T21:47:34","slug":"carta-a-salvador-del-solar","status":"publish","type":"post","link":"https:\/\/derechosinfronteras.pe\/ingles\/carta-a-salvador-del-solar\/","title":{"rendered":"Carta a Salvador del Solar"},"content":{"rendered":"<p style=\"text-align: justify;\">D\u00edas atr\u00e1s, sorprendi\u00f3 la noticia de la renuncia del Director del Lugar de la Memoria \u00a0(LUM),\u00a0Dr. Guillermo Nugent, quien seg\u00fan muchas denuncias hab\u00eda sido despedido, gracias a las presiones fujimoristas quienes cuestionaban la muestra visual &#8216;Resistencia 1992&#8217;, la misma que a trav\u00e9s de gr\u00e1ficos revelaba lo nefasto que fue el gobierno de Alberto Fujimori. La Coordinadora Nacional de Derechos Humanos, a la cual estamos articulados como instituci\u00f3n, cumpli\u00f3 el rol de auspiciador, y frente al contexto, decidi\u00f3 enviar una carta al actual Ministro de Cultura, Salvador del Solar. A continuaci\u00f3n reproducimos el texto completo:<\/p>\n<p style=\"text-align: right;\"><strong>SECNDDHH\/ 035 \u2013 082017<\/strong><\/p>\n<p style=\"text-align: right;\"><strong>Lima, 22 de agosto de 2017<\/strong><\/p>\n<p>&nbsp;<\/p>\n<p>Doctor<\/p>\n<p><strong>Salvador del Solar Labarthe \u00a0 <\/strong><\/p>\n<p><strong>Ministro de Cultura \u00a0<\/strong><\/p>\n<p>Avenida Javier Prado Este N\u00b0 2579, San Borja \u2013 Lima<\/p>\n<p>Presente.-<\/p>\n<p>De mi especial consideraci\u00f3n,<\/p>\n<p style=\"text-align: justify;\">Por la presente para saludarlo en representaci\u00f3n de la <strong>Coordinadora Nacional de Derechos Humanos (CNDDHH)<\/strong>, plataforma institucional que re\u00fane a 78 organizaciones de la sociedad civil dedicadas a la defensa, educaci\u00f3n y promoci\u00f3n de los derechos humanos en el Per\u00fa.<\/p>\n<p style=\"text-align: justify;\">Asimismo, para expresarle nuestra extra\u00f1eza y preocupaci\u00f3n por la informaci\u00f3n aparecida en medios y redes virtuales sobre el <strong>LUM<\/strong>, la exposici\u00f3n \u2018Resistencia Visual 1992 \u2013 Carpeta Colaborativa\u2019, y la renuncia de su Director (e), Dr. Guillermo Nugent.<\/p>\n<p style=\"text-align: justify;\">Al respecto, como es de su conocimiento, el <strong>Goethe-Institut Per\u00fa y la Coordinadora Nacional de Derechos Humanos<\/strong>, auspiciamos la exposici\u00f3n en referencia. Por nuestra parte, lo hemos hecho porque nos parece fundamental contribuir al conocimiento de la verdad hist\u00f3rica de situaciones que han afectado profundamente al pa\u00eds, nuestras instituciones y valores fundamentales, como son la democracia y el derecho a la vida. En este sentido, nos llama la atenci\u00f3n el Comunicado del MINCUL donde se alude a posibles sesgos, seg\u00fan entendemos, de la exposici\u00f3n.<\/p>\n<p style=\"text-align: justify;\">Por otra parte, compartimos con Usted nuestra preocupaci\u00f3n por el envilecimiento actual de la pol\u00edtica, que ha llevado \u2013en un escenario de polarizaci\u00f3n- al maltrato de funcionarios de destaca e impecable trayectoria profesional y p\u00fablica. Dado el contexto y sucesi\u00f3n de hechos ocurridos en el presente caso, entendemos que la renuncia del Dr. Guillermo Nugent se ha dado bajo presiones similares a las ocurridas con funcionarios, como el ex \u2013 Ministro de Educaci\u00f3n, Sr. Jaime Saavedra, entre otros.<\/p>\n<p style=\"text-align: justify;\">En este sentido, Sr. Ministro, lamentamos el tratamiento y la forma en la que se han producido estos hechos que no contribuyen a tratar asuntos de fondo, como es la necesidad que tiene nuestro pa\u00eds de contar con un LUM como pieza clave de una pol\u00edtica p\u00fablica de memoria, de la que aun carecemos y donde el Ministerio de Cultura tiene una responsabilidad central.<\/p>\n<p style=\"text-align: justify;\">Agradeciendo su atenci\u00f3n, quedo de Usted.<\/p>\n<p style=\"text-align: justify;\">Cordialmente,<\/p>\n<p><strong>Jorge Bracamonte Alla\u00edn<\/strong><\/p>\n<p><strong>Secretario Ejecutivo CNDDHH<\/strong><\/p>","protected":false},"excerpt":{"rendered":"<p>D\u00edas atr\u00e1s, sorprendi\u00f3 la noticia de la renuncia del Director del Lugar de la Memoria \u00a0(LUM),\u00a0Dr. Guillermo Nugent, quien seg\u00fan muchas denuncias hab\u00eda sido despedido, gracias a las presiones fujimoristas quienes cuestionaban la muestra visual &#8216;Resistencia 1992&#8217;, la misma que a trav\u00e9s de gr\u00e1ficos revelaba lo nefasto que fue el gobierno de Alberto Fujimori. La [&hellip;]<\/p>\n","protected":false},"author":1,"featured_media":4947,"comment_status":"closed","ping_status":"open","sticky":false,"template":"","format":"standard","meta":{"_monsterinsights_skip_tracking":false,"_monsterinsights_sitenote_active":false,"_monsterinsights_sitenote_note":"","_monsterinsights_sitenote_category":0,"_jetpack_memberships_contains_paid_content":false,"footnotes":"","jetpack_publicize_message":"","jetpack_publicize_feature_enabled":true,"jetpack_social_post_already_shared":false,"jetpack_social_options":{"image_generator_settings":{"template":"highway","default_image_id":0,"font":"","enabled":false},"version":2}},"categories":[1],"tags":[],"class_list":["post-4946","post","type-post","status-publish","format-standard","has-post-thumbnail","hentry","category-sin-categoria"],"blocksy_meta":[],"jetpack_publicize_connections":[],"jetpack_featured_media_url":"https:\/\/derechosinfronteras.pe\/wp-content\/uploads\/2017\/08\/Salvador-e1503611197791.jpg","jetpack_sharing_enabled":true,"jetpack_likes_enabled":true,"_links":{"self":[{"href":"https:\/\/derechosinfronteras.pe\/ingles\/wp-json\/wp\/v2\/posts\/4946","targetHints":{"allow":["GET"]}}],"collection":[{"href":"https:\/\/derechosinfronteras.pe\/ingles\/wp-json\/wp\/v2\/posts"}],"about":[{"href":"https:\/\/derechosinfronteras.pe\/ingles\/wp-json\/wp\/v2\/types\/post"}],"author":[{"embeddable":true,"href":"https:\/\/derechosinfronteras.pe\/ingles\/wp-json\/wp\/v2\/users\/1"}],"replies":[{"embeddable":true,"href":"https:\/\/derechosinfronteras.pe\/ingles\/wp-json\/wp\/v2\/comments?post=4946"}],"version-history":[{"count":0,"href":"https:\/\/derechosinfronteras.pe\/ingles\/wp-json\/wp\/v2\/posts\/4946\/revisions"}],"wp:featuredmedia":[{"embeddable":true,"href":"https:\/\/derechosinfronteras.pe\/ingles\/wp-json\/wp\/v2\/media\/4947"}],"wp:attachment":[{"href":"https:\/\/derechosinfronteras.pe\/ingles\/wp-json\/wp\/v2\/media?parent=4946"}],"wp:term":[{"taxonomy":"category","embeddable":true,"href":"https:\/\/derechosinfronteras.pe\/ingles\/wp-json\/wp\/v2\/categories?post=4946"},{"taxonomy":"post_tag","embeddable":true,"href":"https:\/\/derechosinfronteras.pe\/ingles\/wp-json\/wp\/v2\/tags?post=4946"}],"curies":[{"name":"wp","href":"https:\/\/api.w.org\/{rel}","templated":true}]}}