{"id":4948,"date":"2017-08-24T12:34:38","date_gmt":"2017-08-24T17:34:38","guid":{"rendered":"http:\/\/derechosinfronteras.pe\/?p=2949"},"modified":"2017-08-24T12:34:38","modified_gmt":"2017-08-24T17:34:38","slug":"autoridades-y-organizaciones-sociales-comunales-distritales-y-provinciales-de-paruro-discuten-el-uso-y-gestion-del-agua","status":"publish","type":"post","link":"https:\/\/derechosinfronteras.pe\/ingles\/autoridades-y-organizaciones-sociales-comunales-distritales-y-provinciales-de-paruro-discuten-el-uso-y-gestion-del-agua\/","title":{"rendered":"Cusco: Autoridades y organizaciones sociales comunales, distritales y provinciales de Paruro discuten el uso y gesti\u00f3n del agua"},"content":{"rendered":"<p style=\"text-align: justify;\">M\u00e1s de 400 delegados provenientes de comunidades, organizaciones sociales de j\u00f3venes, mujeres y otros, de los distritos de <strong>Accha, Ccapi, Huanoquite, Paruro, Paccarectambo, Yaurisque, Ccollcha, Omacha y Pillpinto<\/strong> participan en el I<strong>I Foro Provincial denominado: acceso, uso y gesti\u00f3n del agua en el contexto del cambio clim\u00e1tico.<\/strong><\/p>\n<p style=\"text-align: justify;\"><strong>Paruro<\/strong> es una provincia donde el <strong>recurso h\u00eddrico<\/strong> es una de las principales fuentes de ingreso econ\u00f3mico para las comunidades locales, ya que la actividad agr\u00edcola es su referente, en los \u00faltimos a\u00f1os la amenaza de la presencia de actividades mineras y los efectos del cambio clim\u00e1tico hacen necesario la revisi\u00f3n de la forma del uso y gesti\u00f3n del agua. A<strong>ctualmente en Paruro los r\u00edos Velille y Apurimac son los principales fuentes de agua en la zona. <\/strong><\/p>\n<p style=\"text-align: justify;\">Este y otros temas se discutir\u00e1n el d\u00eda de hoy en el distrito de Huanoquite desde las 10 a.m., as\u00ed como la necesidad de articular estas problem\u00e1ticas con otras organizaciones regionales y nacionales y con una agenda nacional s\u00f3lida sobre el acceso, uso y gesti\u00f3n del agua.<\/p>","protected":false},"excerpt":{"rendered":"<p>M\u00e1s de 400 delegados provenientes de comunidades, organizaciones sociales de j\u00f3venes, mujeres y otros, de los distritos de Accha, Ccapi, Huanoquite, Paruro, Paccarectambo, Yaurisque, Ccollcha, Omacha y Pillpinto participan en el II Foro Provincial denominado: acceso, uso y gesti\u00f3n del agua en el contexto del cambio clim\u00e1tico. Paruro es una provincia donde el recurso h\u00eddrico [&hellip;]<\/p>\n","protected":false},"author":1,"featured_media":4949,"comment_status":"closed","ping_status":"open","sticky":false,"template":"","format":"standard","meta":{"_monsterinsights_skip_tracking":false,"_monsterinsights_sitenote_active":false,"_monsterinsights_sitenote_note":"","_monsterinsights_sitenote_category":0,"_jetpack_memberships_contains_paid_content":false,"footnotes":"","jetpack_publicize_message":"","jetpack_publicize_feature_enabled":true,"jetpack_social_post_already_shared":false,"jetpack_social_options":{"image_generator_settings":{"template":"highway","default_image_id":0,"font":"","enabled":false},"version":2}},"categories":[1],"tags":[],"class_list":["post-4948","post","type-post","status-publish","format-standard","has-post-thumbnail","hentry","category-sin-categoria"],"blocksy_meta":[],"jetpack_publicize_connections":[],"jetpack_featured_media_url":"https:\/\/derechosinfronteras.pe\/wp-content\/uploads\/2017\/08\/Foro-del-Agua-en-Paruro-e1503595955802.jpg","jetpack_sharing_enabled":true,"jetpack_likes_enabled":true,"_links":{"self":[{"href":"https:\/\/derechosinfronteras.pe\/ingles\/wp-json\/wp\/v2\/posts\/4948","targetHints":{"allow":["GET"]}}],"collection":[{"href":"https:\/\/derechosinfronteras.pe\/ingles\/wp-json\/wp\/v2\/posts"}],"about":[{"href":"https:\/\/derechosinfronteras.pe\/ingles\/wp-json\/wp\/v2\/types\/post"}],"author":[{"embeddable":true,"href":"https:\/\/derechosinfronteras.pe\/ingles\/wp-json\/wp\/v2\/users\/1"}],"replies":[{"embeddable":true,"href":"https:\/\/derechosinfronteras.pe\/ingles\/wp-json\/wp\/v2\/comments?post=4948"}],"version-history":[{"count":0,"href":"https:\/\/derechosinfronteras.pe\/ingles\/wp-json\/wp\/v2\/posts\/4948\/revisions"}],"wp:featuredmedia":[{"embeddable":true,"href":"https:\/\/derechosinfronteras.pe\/ingles\/wp-json\/wp\/v2\/media\/4949"}],"wp:attachment":[{"href":"https:\/\/derechosinfronteras.pe\/ingles\/wp-json\/wp\/v2\/media?parent=4948"}],"wp:term":[{"taxonomy":"category","embeddable":true,"href":"https:\/\/derechosinfronteras.pe\/ingles\/wp-json\/wp\/v2\/categories?post=4948"},{"taxonomy":"post_tag","embeddable":true,"href":"https:\/\/derechosinfronteras.pe\/ingles\/wp-json\/wp\/v2\/tags?post=4948"}],"curies":[{"name":"wp","href":"https:\/\/api.w.org\/{rel}","templated":true}]}}