{"id":4950,"date":"2017-08-23T11:47:24","date_gmt":"2017-08-23T16:47:24","guid":{"rendered":"http:\/\/derechosinfronteras.pe\/?p=2944"},"modified":"2017-08-23T11:47:24","modified_gmt":"2017-08-23T16:47:24","slug":"paruro-realizaran-el-vi-congreso-provincial-de-organizaciones-juveniles","status":"publish","type":"post","link":"https:\/\/derechosinfronteras.pe\/ingles\/paruro-realizaran-el-vi-congreso-provincial-de-organizaciones-juveniles\/","title":{"rendered":"Paruro: Realizar\u00e1n el VI Congreso Provincial de Organizaciones Juveniles"},"content":{"rendered":"<p style=\"text-align: justify;\">El distrito de Omacha, de la provincia cusque\u00f1a de Paruro, ser\u00e1 sede del VI Congreso de Organizaciones Juveniles, cuya denominaci\u00f3n es: <strong><em>\u201c<\/em><\/strong><strong>Wayna sipaskunaq saphichakuy\u00f1in allin kausayta mashkhaspa, Omacha mirador del ca\u00f1\u00f3n de Apur\u00edmac y Velille\u00a0 encanto de la laguna de Macpi y Apu Tiuno\u201d.<\/strong><\/p>\n<p style=\"text-align: justify;\"><strong>El encuentro juvenil se realizar\u00e1 el 25, 26 Y 27 agosto, y busca p<\/strong>romover el fortalecimiento y renovaci\u00f3n de compromisos y liderazgos de la organizaci\u00f3n de j\u00f3venes de la provincia, con el an\u00e1lisis, di\u00e1logo y construcci\u00f3n participativa de propuestas que permita oportunidades futuras para los y las j\u00f3venes de Paruro.<\/p>\n<p style=\"text-align: justify;\">Adem\u00e1s, ser\u00e1 indispensable <strong>a<\/strong><strong>nalizar la situaci\u00f3n<\/strong> de los derechos de las y los j\u00f3venes, sus liderazgos y sus aspiraciones, identificar <strong>los desaf\u00edos<\/strong> que enfrenta la organizaci\u00f3n provincial de j\u00f3venes para su sostenibilidad y explorar nuevas propuestas de acciones concretas de proyectos y pol\u00edticas para dar respuesta a la <strong>problem\u00e1tica juvenil de la provincia<\/strong>.<\/p>\n<h5><strong>Participan: <\/strong><\/h5>\n<ul>\n<li>Organizaciones de j\u00f3venes de los 09 distritos de la provincia de Paruro.<\/li>\n<li>Organizaciones juveniles invitadas de otras provincias y regiones<\/li>\n<li>Autoridades de los 09 distritos de la provincia de Paruro<\/li>\n<\/ul>\n<h5><strong>Organizan: <\/strong><\/h5>\n<ul>\n<li><strong>\u00a0<\/strong>Organizaci\u00f3n de j\u00f3venes del Distrito de Omacha<\/li>\n<li>Consejo Provincial de la Juventud Paruro &#8211; COPROJU<\/li>\n<li>Municipalidad distrital de Omacha<\/li>\n<li>Asamblea regional de j\u00f3venes &#8211; AREJO<\/li>\n<\/ul>\n<h5><strong>\u00a0<\/strong><strong>Apoyan: <\/strong><\/h5>\n<ul>\n<li>Centro para el Desarrollo de los Pueblos Ayllu, CEDEP AYLLU<\/li>\n<li>Derechos Humanos sin Fronteras (DHSF)<\/li>\n<li>Centro Yanapanakusun<\/li>\n<li>Liga agraria del distrito de Omacha<\/li>\n<li>Frente \u00fanico de defensa de desarrollo y cultura de los intereses del distrito de Omacha<\/li>\n<li>Asociaci\u00f3n de residentes de la comunidad de Antapallpa en Cusco<\/li>\n<li>Organizaci\u00f3n de j\u00f3venes Puririy Wayna de Paruro<\/li>\n<\/ul>","protected":false},"excerpt":{"rendered":"<p>El distrito de Omacha, de la provincia cusque\u00f1a de Paruro, ser\u00e1 sede del VI Congreso de Organizaciones Juveniles, cuya denominaci\u00f3n es: \u201cWayna sipaskunaq saphichakuy\u00f1in allin kausayta mashkhaspa, Omacha mirador del ca\u00f1\u00f3n de Apur\u00edmac y Velille\u00a0 encanto de la laguna de Macpi y Apu Tiuno\u201d. El encuentro juvenil se realizar\u00e1 el 25, 26 Y 27 agosto, [&hellip;]<\/p>\n","protected":false},"author":1,"featured_media":4951,"comment_status":"closed","ping_status":"open","sticky":false,"template":"","format":"standard","meta":{"_monsterinsights_skip_tracking":false,"_monsterinsights_sitenote_active":false,"_monsterinsights_sitenote_note":"","_monsterinsights_sitenote_category":0,"_jetpack_memberships_contains_paid_content":false,"footnotes":"","jetpack_publicize_message":"","jetpack_publicize_feature_enabled":true,"jetpack_social_post_already_shared":false,"jetpack_social_options":{"image_generator_settings":{"template":"highway","default_image_id":0,"font":"","enabled":false},"version":2}},"categories":[1],"tags":[],"class_list":["post-4950","post","type-post","status-publish","format-standard","has-post-thumbnail","hentry","category-sin-categoria"],"blocksy_meta":[],"jetpack_publicize_connections":[],"jetpack_featured_media_url":"https:\/\/derechosinfronteras.pe\/wp-content\/uploads\/2017\/08\/20690121_1943113212593976_6182866431209485398_o.jpg","jetpack_sharing_enabled":true,"jetpack_likes_enabled":true,"_links":{"self":[{"href":"https:\/\/derechosinfronteras.pe\/ingles\/wp-json\/wp\/v2\/posts\/4950","targetHints":{"allow":["GET"]}}],"collection":[{"href":"https:\/\/derechosinfronteras.pe\/ingles\/wp-json\/wp\/v2\/posts"}],"about":[{"href":"https:\/\/derechosinfronteras.pe\/ingles\/wp-json\/wp\/v2\/types\/post"}],"author":[{"embeddable":true,"href":"https:\/\/derechosinfronteras.pe\/ingles\/wp-json\/wp\/v2\/users\/1"}],"replies":[{"embeddable":true,"href":"https:\/\/derechosinfronteras.pe\/ingles\/wp-json\/wp\/v2\/comments?post=4950"}],"version-history":[{"count":0,"href":"https:\/\/derechosinfronteras.pe\/ingles\/wp-json\/wp\/v2\/posts\/4950\/revisions"}],"wp:featuredmedia":[{"embeddable":true,"href":"https:\/\/derechosinfronteras.pe\/ingles\/wp-json\/wp\/v2\/media\/4951"}],"wp:attachment":[{"href":"https:\/\/derechosinfronteras.pe\/ingles\/wp-json\/wp\/v2\/media?parent=4950"}],"wp:term":[{"taxonomy":"category","embeddable":true,"href":"https:\/\/derechosinfronteras.pe\/ingles\/wp-json\/wp\/v2\/categories?post=4950"},{"taxonomy":"post_tag","embeddable":true,"href":"https:\/\/derechosinfronteras.pe\/ingles\/wp-json\/wp\/v2\/tags?post=4950"}],"curies":[{"name":"wp","href":"https:\/\/api.w.org\/{rel}","templated":true}]}}