{"id":4952,"date":"2017-08-22T18:02:38","date_gmt":"2017-08-22T23:02:38","guid":{"rendered":"http:\/\/derechosinfronteras.pe\/?p=2939"},"modified":"2017-08-22T18:02:38","modified_gmt":"2017-08-22T23:02:38","slug":"construyamos-memoria-14-anos-de-la-cvr","status":"publish","type":"post","link":"https:\/\/derechosinfronteras.pe\/ingles\/construyamos-memoria-14-anos-de-la-cvr\/","title":{"rendered":"Construyamos MEMORIA: 16 a\u00f1os de la CVR"},"content":{"rendered":"<p style=\"text-align: justify;\">El pr\u00f3ximo 28 de agosto, se conmemorar\u00e1n 15 a\u00f1os de la Entrega del Informe Final de la <strong>Comisi\u00f3n de la Verdad y Reconciliaci\u00f3n (CVR)<\/strong>. Despu\u00e9s de dos a\u00f1os de investigaci\u00f3n, el <strong>Informe Final de la Comisi\u00f3n de la Verdad y Reconciliaci\u00f3n (IFCVR)<\/strong>, que se present\u00f3 el 28 de agosto del 2013, revel\u00f3 la existencia de m\u00e1s de <strong>69 mil peruanas y peruanos fallecidos y desaparecidos<\/strong> durante el per\u00edodo de conflicto armado interno que vivi\u00f3 nuestro pa\u00eds.<\/p>\n<div class=\"\" data-block=\"true\" data-editor=\"b7772\" data-offset-key=\"d63ed-0-0\">\n<div class=\"_1mf _1mj\" data-offset-key=\"d63ed-0-0\"><span data-offset-key=\"d63ed-0-0\">\u00a0<\/span><span style=\"text-align: justify;\">La mayor\u00eda que sufrieron atentados directos a sus derechos humanos o son indios, no hablaban bien el castellano, eran campesinas o campesinos, o eran pobres y<\/span><strong style=\"text-align: justify;\"> si eran todo eso, su vulneraci\u00f3n fue peor<\/strong><span style=\"text-align: justify;\">.<\/span><\/div>\n<\/div>\n<div class=\"\" data-block=\"true\" data-editor=\"b7772\" data-offset-key=\"7bq6n-0-0\">\n<div class=\"_1mf _1mj\" data-offset-key=\"7bq6n-0-0\"><span data-offset-key=\"7bq6n-0-0\">\u00a0<\/span><\/div>\n<\/div>\n<div class=\"\" data-block=\"true\" data-editor=\"b7772\" data-offset-key=\"9s0m3-0-0\">\n<div class=\"_1mf _1mj\" style=\"text-align: justify;\" data-offset-key=\"9s0m3-0-0\"><span data-offset-key=\"9s0m3-0-0\">\u2018Cerca de 70 mil peruanos han fallecido, y vea usted, eso parecer\u00eda no afectar a los dem\u00e1s peruanos y \u00bfPor qu\u00e9? Porque en \u00faltima instancia, quiz\u00e1, nunca fueron reconocidos como sujetos\u2019 Afirmaba por esos tiempos, Salom\u00f3n Lerner, quien presidio la CVR. <\/span><\/div>\n<\/div>\n<div class=\"\" data-block=\"true\" data-editor=\"b7772\" data-offset-key=\"csdtg-0-0\">\n<div class=\"_1mf _1mj\" data-offset-key=\"csdtg-0-0\"><span data-offset-key=\"csdtg-0-0\">\u00a0<\/span><\/div>\n<\/div>\n<div class=\"\" data-block=\"true\" data-editor=\"b7772\" data-offset-key=\"6t4l0-0-0\">\n<div class=\"_1mf _1mj\" data-offset-key=\"6t4l0-0-0\"><span data-offset-key=\"6t4l0-0-0\">El Per\u00fa del nuevo siglo descubre, gracias al IFCVR, <strong>a peruanos excluidos en el ejercicio de sus derechos, a peruanos que no son considerados ciudadanos. <\/strong><\/span><\/div>\n<\/div>\n<div class=\"\" data-block=\"true\" data-editor=\"b7772\" data-offset-key=\"bkh3c-0-0\">\n<div class=\"_1mf _1mj\" data-offset-key=\"bkh3c-0-0\"><span data-offset-key=\"bkh3c-0-0\">\u00a0<\/span><\/div>\n<\/div>\n<div class=\"\" data-block=\"true\" data-editor=\"b7772\" data-offset-key=\"b37hn-0-0\">\n<div class=\"_1mf _1mj\" data-offset-key=\"b37hn-0-0\"><strong>Debemos cuestionarnos \u00bfPor qu\u00e9 la exclusi\u00f3n es una amenaza para la democracia y un desaf\u00edo para el desarrollo? <\/strong><\/div>\n<\/div>\n<div class=\"fb-video\" data-allowfullscreen=\"true\" data-href=\"https:\/\/www.facebook.com\/derechossinfronteras.pe\/videos\/1368306586621199\/\" style=\"background-color: #fff; display: inline-block;\"><\/div>\n<p style=\"text-align: justify;\">En el marco de esta fecha tan importante para nuestro pa\u00eds se vienen preparando intervenciones en todas las regiones del pa\u00eds. En\u00a0Cusco\u00a0se realizar\u00e1 una serie de actividades conmemorando el mes de la memoria. La actividad busca rendir homenaje a las v\u00edctimas del conflicto armado interno, hombres y mujeres del campo, comunidades ind\u00edgenas, a los y las estudiantes escolares,\u00a0de institutos superiores y universitarios asesinadas(os) o desaparecidas(os) por Sendero Luminoso, el MRTA y las Fuerzas Armadas en las \u00e9pocas del conflicto armado interno.\u00a0Es importante se\u00f1alar que en Cusco existen casos emblem\u00e1ticos de atentados terroristas y violaciones de derechos humanos de parte de las fuerzas armadas, llegando a la cifra de 126 fallecidos y desaparecidos: <strong>Acomayo 3, Anta 1, Canas 4, Canchis 1, Chumbivilcas 13, Cusco 4, La Convencion 96, Paucartambo 1, Sin Provincia determinada 3\u00a0<\/strong><\/p>\n<div class=\"fb-post\" data-href=\"https:\/\/www.facebook.com\/derechossinfronteras.pe\/photos\/a.741549455963585.1073741826.339097252875476\/1370767976375060\/?type=3&#038;theater&#038;notif_t=like&#038;notif_id=1503760835398887\" data-width=\"552\" style=\"background-color: #fff; display: inline-block;\"><\/div>\n<p style=\"text-align: justify;\">Para recordar y rendir homenaje a las victimas, la Coordinadora Interinstitucional Post CVR, organiza las siguientes actividades:<\/p>\n<p style=\"text-align: justify;\"><strong>24 de agosto &#8211; Visita Gu\u00edada al Mural de la Memoria <\/strong><\/p>\n<p style=\"text-align: justify;\"><strong>27 de agosto &#8211; Foro Panel: Reflexiones y desaf\u00edos a 16 a\u00f1os del IF-CVR desde los movimientos juveniles <\/strong><\/p>\n<p style=\"text-align: justify;\"><strong>28 de agosto &#8211; Vigilia por la memoria \/ Foro Panel: Reflexiones y desaf\u00edos a 16 a\u00f1os del IF-CVR<\/strong><\/p>\n<div class=\"fb-post\" data-href=\"https:\/\/www.facebook.com\/derechossinfronteras.pe\/photos\/a.741549455963585\/2296779917107190\/?type=3&#038;theater\" data-width=\"552\" style=\"background-color: #fff; display: inline-block;\"><\/div>\n<p>&nbsp;<\/p>\n<p>&nbsp;<\/p>","protected":false},"excerpt":{"rendered":"<p>El pr\u00f3ximo 28 de agosto, se conmemorar\u00e1n 15 a\u00f1os de la Entrega del Informe Final de la Comisi\u00f3n de la Verdad y Reconciliaci\u00f3n (CVR). Despu\u00e9s de dos a\u00f1os de investigaci\u00f3n, el Informe Final de la Comisi\u00f3n de la Verdad y Reconciliaci\u00f3n (IFCVR), que se present\u00f3 el 28 de agosto del 2013, revel\u00f3 la existencia de [&hellip;]<\/p>\n","protected":false},"author":1,"featured_media":4953,"comment_status":"closed","ping_status":"open","sticky":false,"template":"","format":"standard","meta":{"_monsterinsights_skip_tracking":false,"_monsterinsights_sitenote_active":false,"_monsterinsights_sitenote_note":"","_monsterinsights_sitenote_category":0,"_jetpack_memberships_contains_paid_content":false,"footnotes":"","jetpack_publicize_message":"","jetpack_publicize_feature_enabled":true,"jetpack_social_post_already_shared":false,"jetpack_social_options":{"image_generator_settings":{"template":"highway","default_image_id":0,"font":"","enabled":false},"version":2}},"categories":[1],"tags":[],"class_list":["post-4952","post","type-post","status-publish","format-standard","has-post-thumbnail","hentry","category-sin-categoria"],"blocksy_meta":[],"jetpack_publicize_connections":[],"jetpack_featured_media_url":"https:\/\/derechosinfronteras.pe\/wp-content\/uploads\/2017\/08\/CVR.jpg","jetpack_sharing_enabled":true,"jetpack_likes_enabled":true,"_links":{"self":[{"href":"https:\/\/derechosinfronteras.pe\/ingles\/wp-json\/wp\/v2\/posts\/4952","targetHints":{"allow":["GET"]}}],"collection":[{"href":"https:\/\/derechosinfronteras.pe\/ingles\/wp-json\/wp\/v2\/posts"}],"about":[{"href":"https:\/\/derechosinfronteras.pe\/ingles\/wp-json\/wp\/v2\/types\/post"}],"author":[{"embeddable":true,"href":"https:\/\/derechosinfronteras.pe\/ingles\/wp-json\/wp\/v2\/users\/1"}],"replies":[{"embeddable":true,"href":"https:\/\/derechosinfronteras.pe\/ingles\/wp-json\/wp\/v2\/comments?post=4952"}],"version-history":[{"count":0,"href":"https:\/\/derechosinfronteras.pe\/ingles\/wp-json\/wp\/v2\/posts\/4952\/revisions"}],"wp:featuredmedia":[{"embeddable":true,"href":"https:\/\/derechosinfronteras.pe\/ingles\/wp-json\/wp\/v2\/media\/4953"}],"wp:attachment":[{"href":"https:\/\/derechosinfronteras.pe\/ingles\/wp-json\/wp\/v2\/media?parent=4952"}],"wp:term":[{"taxonomy":"category","embeddable":true,"href":"https:\/\/derechosinfronteras.pe\/ingles\/wp-json\/wp\/v2\/categories?post=4952"},{"taxonomy":"post_tag","embeddable":true,"href":"https:\/\/derechosinfronteras.pe\/ingles\/wp-json\/wp\/v2\/tags?post=4952"}],"curies":[{"name":"wp","href":"https:\/\/api.w.org\/{rel}","templated":true}]}}