{"id":4958,"date":"2017-08-17T17:40:15","date_gmt":"2017-08-17T22:40:15","guid":{"rendered":"http:\/\/derechosinfronteras.pe\/?p=2924"},"modified":"2017-08-17T17:40:15","modified_gmt":"2017-08-17T22:40:15","slug":"pronunciamiento-suspension-inmediata-del-estado-de-emergencia-en-cotabambas","status":"publish","type":"post","link":"https:\/\/derechosinfronteras.pe\/ingles\/pronunciamiento-suspension-inmediata-del-estado-de-emergencia-en-cotabambas\/","title":{"rendered":"[PRONUNCIAMIENTO] Suspensi\u00f3n inmediata del estado de emergencia en Cotabambas"},"content":{"rendered":"<p style=\"text-align: center;\"><strong><u>PRONUNCIAMIENTO<\/u><br \/>\nSUSPENSI\u00d3N INMEDIATA DEL ESTADO DE EMERGENCIA EN COTABAMBAS<\/strong><\/p>\n<p style=\"text-align: justify;\">\nLas organizaciones sociales, instituciones nacionales e internacionales reunidas en la ciudad de Abancay\u00a0 en el evento sobre \u201cBuen vivir desde las comunidades campesinas de las regiones Cusco, Huancavelica, Cajamarca y Apur\u00edmac\u201d, ante la declaraci\u00f3n de <a href=\"http:\/\/derechosinfronteras.pe\/ingles\/apurimac-gobierno-declara-un-nuevo-estado-de-emergencia\/\">Estado de Emergencia<\/a> en los distritos de <strong>Challhuahuacho, Haquira y Mara de la Provincia de Cotabambas<\/strong>, decretada por el Gobierno Nacional, mediante el D.S. N\u00b0 085-2017-PCM, manifestamos lo siguiente:<\/p>\n<p style=\"text-align: justify;\"><strong>1.<\/strong>\u00a0De acuerdo a la <strong>Constituci\u00f3n Pol\u00edtica del Per\u00fa<\/strong> y normatividad internacional, la declaratoria de estado de emergencia es una medida aplicable de manera \u201cexcepcional\u201d y solo debe emplearse cuando se produce perturbaci\u00f3n de la paz o del orden interno, de cat\u00e1strofe o graves circunstancias, que afecte la vida de la naci\u00f3n, por lo que creemos que el Ejecutivo abusa de las facultades que le otorga la Constituci\u00f3n Pol\u00edtica, limitando y restringiendo el derecho a la protesta social que vienen ejerciendo las comunidades campesinas.<\/p>\n<p style=\"text-align: justify;\"><strong>2.\u00a0<\/strong>La declaratoria de <strong>Estado de Emergencia<\/strong> ante cada conflicto no solo no contribuye a prevenir y solucionar los desencuentros con la poblaci\u00f3n, sino que agrava la criminalizaci\u00f3n de la protesta que afrontan los l\u00edderes, lideresas y defensores del medio ambiente.<\/p>\n<p style=\"text-align: justify;\"><strong>3.\u00a0<\/strong>Las justas demandas de las comunidades campesinas que exigen el respeto de sus derechos, no se pueden responder con el uso desmedido de la fuerza. El conflicto en Las Bambas ya tiene un lamentable saldo de <strong>4 personas fallecidas<\/strong> por heridas de bala producidas por la <strong>Polic\u00eda Nacional del Per\u00fa<\/strong>,\u00a0 sus familias se encuentran en el desamparo y la criminalizaci\u00f3n de m\u00e1s 100 comuneros\u00a0 y comuneras.<\/p>\n<p style=\"text-align: justify;\"><strong>4.<\/strong>\u00a0Las modificaciones al <strong>Estudio de Impacto Ambiental<\/strong> no solo no fueron consultadas, sino que no se previ\u00f3 las medidas adecuadas de mitigaci\u00f3n de impactos, como el asfalto de las carreteras por donde transita el transporte minero. La medida implementada por la empresa y aprobada por el gobierno, de regar la carretera, es insuficiente para responder a la movilizaci\u00f3n de 300 camiones diarios por una v\u00eda p\u00fablica que atraviesa los centros poblados y comunidades.<\/p>\n<p style=\"text-align: justify;\"><strong>5.\u00a0<\/strong>Apoyamos a las comunidades campesinas que exigen la actualizaci\u00f3n de los contratos celebrados entre ellas y la empresa por el uso de su territorio comunal y el transporte de minerales de la Mina Las Bambas. Asimismo, apoyamos su exigencia de que se les brinde el mismo trato que han recibido las cuatro comunidades de <strong>Challhuahuacho y Tambobamba<\/strong>.<\/p>\n<p style=\"text-align: justify;\"><strong>6.\u00a0<\/strong>Exigimos que las instituciones del Estado garanticen que no se vulnere derechos fundamentales de los miembros de las comunidades campesinas. Asimismo exigimos que al <strong>Ministerio P\u00fablico y el Poder Judicial<\/strong> cumplan su papel de garantes del orden constitucional y solicitamos a la <strong>Defensor\u00eda del Pueblo<\/strong> mantener un rol activo y vigilante.<\/p>\n<p style=\"text-align: justify;\"><strong>7.<\/strong>\u00a0<strong>Instamos al Gobierno a dar soluci\u00f3n inmediata y pac\u00edfica a las demandas de la poblaci\u00f3n y sus comunidade<\/strong>s, convocando a un espacio multisectorial entre las comunidades y la empresa para llegar a acuerdos satisfactorios para todas las partes; asimismo lo instamos a dejar sin efecto la declaratoria del estado de emergencia, para que la poblaci\u00f3n y sus organizaciones puedan ejercer su derecho a reuni\u00f3n y libre tr\u00e1nsito garantizando su participaci\u00f3n en la soluci\u00f3n de este conflicto.<\/p>\n<p style=\"text-align: justify;\"><strong>8.\u00a0<\/strong>Demandamos a la <strong>empresa minera Las Bambas<\/strong> el cumplimiento de su responsabilidad social y ambiental.<\/p>\n<p style=\"text-align: right;\"><strong>Abancay, 16 de agosto de 2017.<\/strong><\/p>\n<p>Suscriben:<\/p>\n<p><strong>\u2022 Federaci\u00f3n Interprovincial de Desarrollo Territorial y Ambiental de las Provincias de Cotabambas, Chumbivilcas, Espinar y Paruro<br \/>\n\u2022 Frente de Defensa de la Provincia de Espinar<br \/>\n\u2022 Defensoras del Territorio y Cultura K\u00b4ana<br \/>\n\u2022 Frente de Defensa de los Intereses del Distrito de Haquira<br \/>\n\u2022 Federaci\u00f3n Regional de Mujeres de la Regi\u00f3n de Apur\u00edmac<br \/>\n<a href=\"https:\/\/www.facebook.com\/derechossinfronteras.pe\/?ref=bookmarks\" target=\"_blank\" rel=\"noopener\">\u2022 Derechos Humanos Sin Fronteras<\/a><br \/>\n\u2022 CEDEP Ayllu<br \/>\n\u2022 CooperAcci\u00f3n<br \/>\n\u2022 Centro Bartolome de las Casas<br \/>\n\u2022 Red Muqui<br \/>\n\u2022 IDECA<br \/>\n\u2022 APRODEH<br \/>\n\u2022 Broederlijk Delen &#8211; B\u00e9lgica<br \/>\n\u2022 Asociaci\u00f3n Madre Coraje &#8211;\u00a0 Espa\u00f1a<\/strong><\/p>","protected":false},"excerpt":{"rendered":"<p>PRONUNCIAMIENTO SUSPENSI\u00d3N INMEDIATA DEL ESTADO DE EMERGENCIA EN COTABAMBAS Las organizaciones sociales, instituciones nacionales e internacionales reunidas en la ciudad de Abancay\u00a0 en el evento sobre \u201cBuen vivir desde las comunidades campesinas de las regiones Cusco, Huancavelica, Cajamarca y Apur\u00edmac\u201d, ante la declaraci\u00f3n de Estado de Emergencia en los distritos de Challhuahuacho, Haquira y Mara [&hellip;]<\/p>\n","protected":false},"author":1,"featured_media":4959,"comment_status":"closed","ping_status":"open","sticky":false,"template":"","format":"standard","meta":{"_monsterinsights_skip_tracking":false,"_monsterinsights_sitenote_active":false,"_monsterinsights_sitenote_note":"","_monsterinsights_sitenote_category":0,"_jetpack_memberships_contains_paid_content":false,"footnotes":"","jetpack_publicize_message":"","jetpack_publicize_feature_enabled":true,"jetpack_social_post_already_shared":false,"jetpack_social_options":{"image_generator_settings":{"template":"highway","default_image_id":0,"font":"","enabled":false},"version":2}},"categories":[1],"tags":[],"class_list":["post-4958","post","type-post","status-publish","format-standard","has-post-thumbnail","hentry","category-sin-categoria"],"blocksy_meta":[],"jetpack_publicize_connections":[],"jetpack_featured_media_url":"https:\/\/derechosinfronteras.pe\/wp-content\/uploads\/2017\/08\/Pronuncimaineto-Cotabambas.jpg","jetpack_sharing_enabled":true,"jetpack_likes_enabled":true,"_links":{"self":[{"href":"https:\/\/derechosinfronteras.pe\/ingles\/wp-json\/wp\/v2\/posts\/4958","targetHints":{"allow":["GET"]}}],"collection":[{"href":"https:\/\/derechosinfronteras.pe\/ingles\/wp-json\/wp\/v2\/posts"}],"about":[{"href":"https:\/\/derechosinfronteras.pe\/ingles\/wp-json\/wp\/v2\/types\/post"}],"author":[{"embeddable":true,"href":"https:\/\/derechosinfronteras.pe\/ingles\/wp-json\/wp\/v2\/users\/1"}],"replies":[{"embeddable":true,"href":"https:\/\/derechosinfronteras.pe\/ingles\/wp-json\/wp\/v2\/comments?post=4958"}],"version-history":[{"count":0,"href":"https:\/\/derechosinfronteras.pe\/ingles\/wp-json\/wp\/v2\/posts\/4958\/revisions"}],"wp:featuredmedia":[{"embeddable":true,"href":"https:\/\/derechosinfronteras.pe\/ingles\/wp-json\/wp\/v2\/media\/4959"}],"wp:attachment":[{"href":"https:\/\/derechosinfronteras.pe\/ingles\/wp-json\/wp\/v2\/media?parent=4958"}],"wp:term":[{"taxonomy":"category","embeddable":true,"href":"https:\/\/derechosinfronteras.pe\/ingles\/wp-json\/wp\/v2\/categories?post=4958"},{"taxonomy":"post_tag","embeddable":true,"href":"https:\/\/derechosinfronteras.pe\/ingles\/wp-json\/wp\/v2\/tags?post=4958"}],"curies":[{"name":"wp","href":"https:\/\/api.w.org\/{rel}","templated":true}]}}