{"id":4960,"date":"2017-08-17T14:11:46","date_gmt":"2017-08-17T19:11:46","guid":{"rendered":"http:\/\/derechosinfronteras.pe\/?p=2918"},"modified":"2017-08-17T14:11:46","modified_gmt":"2017-08-17T19:11:46","slug":"un-ministerio-de-familia","status":"publish","type":"post","link":"https:\/\/derechosinfronteras.pe\/ingles\/un-ministerio-de-familia\/","title":{"rendered":"\u00bfUn Ministerio de Familia?"},"content":{"rendered":"<p style=\"text-align: justify;\">El Congresista de <strong>\u2018Fuerza Popular\u2019<\/strong>, Juan Carlos Gonzales, present\u00f3 un Proyecto de Ley para fusionar\u00a0el <strong>Ministerio de la Mujer y Poblaciones Vulnerables y el Ministerio de Desarrollo e Inclusi\u00f3n Social<\/strong>, para pasar a ser el nuevo \u2018Ministerio de la Familia\u2019. Esta iniciativa, pondr\u00eda en peligro los avances e iniciativas que se han impulsado a favor de las mujeres y la igualdad de g\u00e9nero.<\/p>\n<p style=\"text-align: justify;\">A trav\u00e9s de las redes sociales, muchas personas se han manifestado en contra de la iniciativa, y han denunciado\u00a0que <strong>Gonzales\u00a0<\/strong>es uno de los congresistas que ha mostrado su rechazo al curr\u00edculo educativo y a las propuestas que promov\u00edan la igualdad y el respeto a la diversidad sexual. Basta recordar que fue Gonzales, quien a trav\u00e9s de su cuenta de twitter expres\u00f3 que los responsables del <strong>Fen\u00f3meno del Ni\u00f1o<\/strong> ser\u00edan los integrantes de la comunidad <strong>LGTBI<\/strong>.<\/p>\n<p style=\"text-align: justify;\"><img fetchpriority=\"high\" decoding=\"async\" class=\"size-full wp-image-2922 aligncenter\" src=\"http:\/\/derechosinfronteras.pe\/wp-content\/uploads\/2017\/08\/Tweet-Diluvio.png\" alt=\"\" width=\"611\" height=\"649\" \/><\/p>\n<p style=\"text-align: justify;\">Para hoy se debatir\u00e1 esta propuesta en el Congreso, donde existe una mayor\u00eda fujimorista. Esperemos que esta propuesta no se concretice, pues significar\u00eda un terrible retroceso para los derechos de la mujer.<\/p>","protected":false},"excerpt":{"rendered":"<p>El Congresista de \u2018Fuerza Popular\u2019, Juan Carlos Gonzales, present\u00f3 un Proyecto de Ley para fusionar\u00a0el Ministerio de la Mujer y Poblaciones Vulnerables y el Ministerio de Desarrollo e Inclusi\u00f3n Social, para pasar a ser el nuevo \u2018Ministerio de la Familia\u2019. Esta iniciativa, pondr\u00eda en peligro los avances e iniciativas que se han impulsado a favor [&hellip;]<\/p>\n","protected":false},"author":1,"featured_media":4961,"comment_status":"closed","ping_status":"open","sticky":false,"template":"","format":"standard","meta":{"_monsterinsights_skip_tracking":false,"_monsterinsights_sitenote_active":false,"_monsterinsights_sitenote_note":"","_monsterinsights_sitenote_category":0,"_jetpack_memberships_contains_paid_content":false,"footnotes":"","jetpack_publicize_message":"","jetpack_publicize_feature_enabled":true,"jetpack_social_post_already_shared":false,"jetpack_social_options":{"image_generator_settings":{"template":"highway","default_image_id":0,"font":"","enabled":false},"version":2}},"categories":[1],"tags":[],"class_list":["post-4960","post","type-post","status-publish","format-standard","has-post-thumbnail","hentry","category-sin-categoria"],"blocksy_meta":[],"jetpack_publicize_connections":[],"jetpack_featured_media_url":"https:\/\/derechosinfronteras.pe\/wp-content\/uploads\/2017\/08\/Ministerio-de-Familia.jpg","jetpack_sharing_enabled":true,"jetpack_likes_enabled":true,"_links":{"self":[{"href":"https:\/\/derechosinfronteras.pe\/ingles\/wp-json\/wp\/v2\/posts\/4960","targetHints":{"allow":["GET"]}}],"collection":[{"href":"https:\/\/derechosinfronteras.pe\/ingles\/wp-json\/wp\/v2\/posts"}],"about":[{"href":"https:\/\/derechosinfronteras.pe\/ingles\/wp-json\/wp\/v2\/types\/post"}],"author":[{"embeddable":true,"href":"https:\/\/derechosinfronteras.pe\/ingles\/wp-json\/wp\/v2\/users\/1"}],"replies":[{"embeddable":true,"href":"https:\/\/derechosinfronteras.pe\/ingles\/wp-json\/wp\/v2\/comments?post=4960"}],"version-history":[{"count":0,"href":"https:\/\/derechosinfronteras.pe\/ingles\/wp-json\/wp\/v2\/posts\/4960\/revisions"}],"wp:featuredmedia":[{"embeddable":true,"href":"https:\/\/derechosinfronteras.pe\/ingles\/wp-json\/wp\/v2\/media\/4961"}],"wp:attachment":[{"href":"https:\/\/derechosinfronteras.pe\/ingles\/wp-json\/wp\/v2\/media?parent=4960"}],"wp:term":[{"taxonomy":"category","embeddable":true,"href":"https:\/\/derechosinfronteras.pe\/ingles\/wp-json\/wp\/v2\/categories?post=4960"},{"taxonomy":"post_tag","embeddable":true,"href":"https:\/\/derechosinfronteras.pe\/ingles\/wp-json\/wp\/v2\/tags?post=4960"}],"curies":[{"name":"wp","href":"https:\/\/api.w.org\/{rel}","templated":true}]}}