{"id":4963,"date":"2017-08-17T12:42:37","date_gmt":"2017-08-17T17:42:37","guid":{"rendered":"http:\/\/derechosinfronteras.pe\/?p=2914"},"modified":"2017-08-17T12:42:37","modified_gmt":"2017-08-17T17:42:37","slug":"paruro-realizaran-foro-provincial-sobre-gestion-del-agua","status":"publish","type":"post","link":"https:\/\/derechosinfronteras.pe\/ingles\/paruro-realizaran-foro-provincial-sobre-gestion-del-agua\/","title":{"rendered":"Paruro: realizar\u00e1n foro provincial sobre gesti\u00f3n del agua"},"content":{"rendered":"<p style=\"text-align: justify;\">El pr\u00f3ximo 24 de agosto se realizar\u00e1 el <strong>Foro Provincial: Acceso, uso y gesti\u00f3n del agua en el contexto del cambio clim\u00e1tico: \u201cCabeceras de Cuencas: sustento para la vida\u201d<\/strong>. La sede ser\u00e1 en Huanoquite, distrito de la provincia cusque\u00f1a de Paruro. El encuentro tiene como objetivo consensuar una agenda para la <strong>Gesti\u00f3n del Agua<\/strong> a nivel provincial, la cual sea un elemento orientador de las pol\u00edticas de inversiones de las autoridades locales y las organizaciones comunales. Adem\u00e1s de establecer acuerdos sobre la importancia del tratamiento de cabeceras de cuencas dentro del<strong> enfoque sist\u00e9mico de cuencas<\/strong> y reflexionar sobre la importancia de proyecto de <strong>Sistemas de Riego<\/strong> que incluyan el tratamiento adecuado de las cabeceras de cuencas.<\/p>\n<p style=\"text-align: justify;\">Es importante se\u00f1alar que este foro se realiza en el marco una recientemente <strong>reforma constitucional<\/strong> que ha reconocido el acceso al <strong>agua como un derecho fundamental<\/strong> \u201cEl Estado reconoce el derecho universal y progresivo de toda persona de acceder al agua potable. Garantiza este derecho priorizando el consumo humano sobre otros usos. El Estado promueve el manejo sostenible del agua, el cual se reconoce como un recurso natural esencial y, como tal, constituye un bien p\u00fablico y patrimonio de la Naci\u00f3n. Su dominio es inalienable e imprescriptible\u201d. Este derecho tiene que ser garante de este derecho y con mayor raz\u00f3n para las poblaciones vulnerables como las comunidades campesinas y las que viven en cabeceras de cuenca en los andes del Per\u00fa con particularidad.<\/p>\n<h5 style=\"text-align: justify;\">Participan:<\/h5>\n<p style=\"text-align: justify;\">Autoridades locales y regionales, gremios Campesinos, autoridades comunales y Organizaciones de Usuarios de Riego de los 9 distritos de Paruro, Organizaciones sociales de base, instituciones p\u00fablicas y privadas.\u00a0<strong><\/strong><\/p>\n<h5 style=\"text-align: justify;\">Organiza:<\/h5>\n<p style=\"text-align: justify;\">Municipalidad distrital de Huanoquite<\/p>\n<h5 style=\"text-align: justify;\">Apoyan:<\/h5>\n<ul style=\"text-align: justify;\">\n<li>Centro para el Desarrollo de los Pueblos Ayllu &#8211; CEDEP AYLLU<\/li>\n<li><a href=\"https:\/\/www.facebook.com\/derechossinfronteras.pe\/\" target=\"_blank\" rel=\"noopener\">Derechos Humanos Sin Fronteras \u2013 DHSF<\/a><\/li>\n<\/ul>\n<h5 style=\"text-align: justify;\">Lugar:<\/h5>\n<h5 style=\"text-align: justify;\"><strong>Coliseo del Distrito de Huanoquite.<\/strong><\/h5>\n<h5 style=\"text-align: justify;\">Fecha:<\/h5>\n<p style=\"text-align: justify;\">Jueves 24 de agosto de 2017<\/p>","protected":false},"excerpt":{"rendered":"<p>El pr\u00f3ximo 24 de agosto se realizar\u00e1 el Foro Provincial: Acceso, uso y gesti\u00f3n del agua en el contexto del cambio clim\u00e1tico: \u201cCabeceras de Cuencas: sustento para la vida\u201d. La sede ser\u00e1 en Huanoquite, distrito de la provincia cusque\u00f1a de Paruro. El encuentro tiene como objetivo consensuar una agenda para la Gesti\u00f3n del Agua a [&hellip;]<\/p>\n","protected":false},"author":1,"featured_media":4964,"comment_status":"closed","ping_status":"open","sticky":false,"template":"","format":"standard","meta":{"_monsterinsights_skip_tracking":false,"_monsterinsights_sitenote_active":false,"_monsterinsights_sitenote_note":"","_monsterinsights_sitenote_category":0,"_jetpack_memberships_contains_paid_content":false,"footnotes":"","jetpack_publicize_message":"","jetpack_publicize_feature_enabled":true,"jetpack_social_post_already_shared":false,"jetpack_social_options":{"image_generator_settings":{"template":"highway","default_image_id":0,"font":"","enabled":false},"version":2}},"categories":[1],"tags":[],"class_list":["post-4963","post","type-post","status-publish","format-standard","has-post-thumbnail","hentry","category-sin-categoria"],"blocksy_meta":[],"jetpack_publicize_connections":[],"jetpack_featured_media_url":"https:\/\/derechosinfronteras.pe\/wp-content\/uploads\/2017\/08\/FINAL-cuarta-version-Tamano-para-web.png","jetpack_sharing_enabled":true,"jetpack_likes_enabled":true,"_links":{"self":[{"href":"https:\/\/derechosinfronteras.pe\/ingles\/wp-json\/wp\/v2\/posts\/4963","targetHints":{"allow":["GET"]}}],"collection":[{"href":"https:\/\/derechosinfronteras.pe\/ingles\/wp-json\/wp\/v2\/posts"}],"about":[{"href":"https:\/\/derechosinfronteras.pe\/ingles\/wp-json\/wp\/v2\/types\/post"}],"author":[{"embeddable":true,"href":"https:\/\/derechosinfronteras.pe\/ingles\/wp-json\/wp\/v2\/users\/1"}],"replies":[{"embeddable":true,"href":"https:\/\/derechosinfronteras.pe\/ingles\/wp-json\/wp\/v2\/comments?post=4963"}],"version-history":[{"count":0,"href":"https:\/\/derechosinfronteras.pe\/ingles\/wp-json\/wp\/v2\/posts\/4963\/revisions"}],"wp:featuredmedia":[{"embeddable":true,"href":"https:\/\/derechosinfronteras.pe\/ingles\/wp-json\/wp\/v2\/media\/4964"}],"wp:attachment":[{"href":"https:\/\/derechosinfronteras.pe\/ingles\/wp-json\/wp\/v2\/media?parent=4963"}],"wp:term":[{"taxonomy":"category","embeddable":true,"href":"https:\/\/derechosinfronteras.pe\/ingles\/wp-json\/wp\/v2\/categories?post=4963"},{"taxonomy":"post_tag","embeddable":true,"href":"https:\/\/derechosinfronteras.pe\/ingles\/wp-json\/wp\/v2\/tags?post=4963"}],"curies":[{"name":"wp","href":"https:\/\/api.w.org\/{rel}","templated":true}]}}