{"id":4965,"date":"2017-08-16T19:27:26","date_gmt":"2017-08-17T00:27:26","guid":{"rendered":"http:\/\/derechosinfronteras.pe\/?p=2911"},"modified":"2017-08-16T19:27:26","modified_gmt":"2017-08-17T00:27:26","slug":"apurimac-gobierno-declara-un-nuevo-estado-de-emergencia","status":"publish","type":"post","link":"https:\/\/derechosinfronteras.pe\/ingles\/apurimac-gobierno-declara-un-nuevo-estado-de-emergencia\/","title":{"rendered":"Apurimac: Gobierno declara un nuevo estado de emergencia"},"content":{"rendered":"<p style=\"text-align: justify;\"><strong>\u00bfUn Nuevo Estado de Emergencia?<\/strong> Al parecer la \u00fanica estrategia del gobierno para mediar los conflictos sociales es la declaratoria de estados de emergencias. Esta vez, con Decreto Supremo N\u00b0 085 &#8211; 2017 &#8211; PCM, Mara, Chalhuahuacho y Haquira, distrtitos de la provincia de Cotabambas, Apurimac se encuentro en \u2018estado de emergencia\u2019.<\/p>\n<p style=\"text-align: justify;\">La raz\u00f3n: comuneros de Pitic, Miraflores, Pisccassa y Congota mantienen bloqueada la ruta del \u2018Corredor Minero\u2019 desde el pasado 7 de agosto. Por esta v\u00eda transitan alrededor de 500 veh\u00edculos, transportando materiales y residuos s\u00f3lidos causantes de la actividad minera, adem\u00e1s de ello el n\u00famero de enfermedades respiratorias ha ido en aumento, debido al polvo que producen las unidades al pasar por la zona. Sumado a esta problem\u00e1tica, los accidentes se est\u00e1n volviendo m\u00e1s frecuentes: derrames, animales atropellados, entre otros. Las comunidades vienen exigiendo a la empresa MMG &#8216;Las Bambas&#8217; y al Estado que solucione estos problemas, que conforme pasan los d\u00edas les afectan con mayor intensidad.<\/p>\n<p style=\"text-align: justify;\"><span>Cabe se\u00f1alar que este conflicto no es nuevo, para el 2016, tambi\u00e9n existieron fuertes manifestaciones en contra de la empresa minera por las mismas razones. En aquella fecha, el desalojo a los manifestantes caus\u00f3 la muerte de un comunero: Quintino Cereceda. Las manifestaciones se postergaron porque la empresa y el actual gobierno acordaron una compensaci\u00f3n econ\u00f3mica para las comunidades, las mismas que esta a la fecha no se han cumplido.\u00a0<\/span><\/p>\n<p style=\"text-align: justify;\"><strong>\u00bfQu\u00e9 implica un estado de emergencia?<\/strong><\/p>\n<p style=\"text-align: justify;\">Seg\u00fan lo que dicta nuestra Constituci\u00f3n, la declaratoria de un Estado de Emergencia deja abierta la posibilidad de suspender o restringir -todos o alguno- de los siguientes derechos:<\/p>\n<p style=\"text-align: justify;\"><strong>*Libertad y seguridad personal<\/strong>: Las detenciones pueden ocurrir sin flagrancia o sin mandato judicial. Las acciones de habeas corpus en relaci\u00f3n a personas detenidas ser\u00e1n declaradas improcedentes.<\/p>\n<p style=\"text-align: justify;\"><strong>*Inviolabilidad de domicilio:<\/strong>\u00a0Las PNP y\/o Fuerzas Armadas pueden ingresar a cualquier domicilio sin mandato judicial o flagrancia.<\/p>\n<p style=\"text-align: justify;\"><strong>*Libertad de Reuni\u00f3n:<\/strong>\u00a0Se suspenden todo tipo de reuniones.<\/p>\n<p style=\"text-align: justify;\"><strong>*Libertad de Tr\u00e1nsito:<\/strong>\u00a0Se puede suspender la libertad de circular en ciertos lugares y\/o en ciertos horarios (No es lo mismo que un \u2018Toque de queda\u2019)<\/p>\n<p style=\"text-align: justify;\"><strong>Les recordamos una infograf\u00eda que producimos d\u00edas atr\u00e1s:\u00a0<\/strong><\/p>\n<div class=\"fb-post\" data-href=\"https:\/\/www.facebook.com\/derechossinfronteras.pe\/photos\/a.741549455963585.1073741826.339097252875476\/1337506013034590\/?type=3&#038;theater\" data-width=\"552\" style=\"background-color: #fff; display: inline-block;\"><\/div>\n<p>&nbsp;<\/p>\n<p>&nbsp;<\/p>\n<p><span style=\"font-style: inherit; font-weight: inherit;\">\u00a0<\/span><\/p>","protected":false},"excerpt":{"rendered":"<p>\u00bfUn Nuevo Estado de Emergencia? Al parecer la \u00fanica estrategia del gobierno para mediar los conflictos sociales es la declaratoria de estados de emergencias. Esta vez, con Decreto Supremo N\u00b0 085 &#8211; 2017 &#8211; PCM, Mara, Chalhuahuacho y Haquira, distrtitos de la provincia de Cotabambas, Apurimac se encuentro en \u2018estado de emergencia\u2019. La raz\u00f3n: comuneros [&hellip;]<\/p>\n","protected":false},"author":1,"featured_media":4966,"comment_status":"closed","ping_status":"open","sticky":false,"template":"","format":"standard","meta":{"_monsterinsights_skip_tracking":false,"_monsterinsights_sitenote_active":false,"_monsterinsights_sitenote_note":"","_monsterinsights_sitenote_category":0,"_jetpack_memberships_contains_paid_content":false,"footnotes":"","jetpack_publicize_message":"","jetpack_publicize_feature_enabled":true,"jetpack_social_post_already_shared":false,"jetpack_social_options":{"image_generator_settings":{"template":"highway","default_image_id":0,"font":"","enabled":false},"version":2}},"categories":[1],"tags":[],"class_list":["post-4965","post","type-post","status-publish","format-standard","has-post-thumbnail","hentry","category-sin-categoria"],"blocksy_meta":[],"jetpack_publicize_connections":[],"jetpack_featured_media_url":"https:\/\/derechosinfronteras.pe\/wp-content\/uploads\/2017\/08\/Apurimas-Estado.jpg","jetpack_sharing_enabled":true,"jetpack_likes_enabled":true,"_links":{"self":[{"href":"https:\/\/derechosinfronteras.pe\/ingles\/wp-json\/wp\/v2\/posts\/4965","targetHints":{"allow":["GET"]}}],"collection":[{"href":"https:\/\/derechosinfronteras.pe\/ingles\/wp-json\/wp\/v2\/posts"}],"about":[{"href":"https:\/\/derechosinfronteras.pe\/ingles\/wp-json\/wp\/v2\/types\/post"}],"author":[{"embeddable":true,"href":"https:\/\/derechosinfronteras.pe\/ingles\/wp-json\/wp\/v2\/users\/1"}],"replies":[{"embeddable":true,"href":"https:\/\/derechosinfronteras.pe\/ingles\/wp-json\/wp\/v2\/comments?post=4965"}],"version-history":[{"count":0,"href":"https:\/\/derechosinfronteras.pe\/ingles\/wp-json\/wp\/v2\/posts\/4965\/revisions"}],"wp:featuredmedia":[{"embeddable":true,"href":"https:\/\/derechosinfronteras.pe\/ingles\/wp-json\/wp\/v2\/media\/4966"}],"wp:attachment":[{"href":"https:\/\/derechosinfronteras.pe\/ingles\/wp-json\/wp\/v2\/media?parent=4965"}],"wp:term":[{"taxonomy":"category","embeddable":true,"href":"https:\/\/derechosinfronteras.pe\/ingles\/wp-json\/wp\/v2\/categories?post=4965"},{"taxonomy":"post_tag","embeddable":true,"href":"https:\/\/derechosinfronteras.pe\/ingles\/wp-json\/wp\/v2\/tags?post=4965"}],"curies":[{"name":"wp","href":"https:\/\/api.w.org\/{rel}","templated":true}]}}