{"id":4967,"date":"2017-08-16T18:22:06","date_gmt":"2017-08-16T23:22:06","guid":{"rendered":"http:\/\/derechosinfronteras.pe\/?p=2904"},"modified":"2017-08-16T18:22:06","modified_gmt":"2017-08-16T23:22:06","slug":"2904-2","status":"publish","type":"post","link":"https:\/\/derechosinfronteras.pe\/ingles\/2904-2\/","title":{"rendered":"Esterilizaciones forzadas: Frente a las dudas malintencionadas, hablan las pruebas."},"content":{"rendered":"<p>Hace unos d\u00edas, en la Feria Internacional del Libro de Lima, se present\u00f3 el libro <strong>\u2018La verdad de una mentira\u2019<\/strong> cuya autora es Mar\u00eda Cecilia Villegas. El contenido principal es cuestionar la certeza de los casos de esterilizaciones forzadas en el gobierno de Alberto Fujimori.<\/p>\n<p style=\"text-align: justify;\">El controversial libro ha recibido muchas cr\u00edticas por tratar de reducir a una mentira las violaciones de derechos humanos que sufrieron m\u00e1s de 3 mil mujeres, y, en algunos casos, tambi\u00e9n hombres, que por verg\u00fcenza no denuncian.<\/p>\n<p style=\"text-align: justify;\">Organizaciones, Instituciones y Sociedad Civil se han pronunciado en contra de los contenidos del libro en menci\u00f3n que con argumentos poco v\u00e1lidas intenta demostrar que las esterilizaciones no fueron parte de una pol\u00edtica del gobierno fujimorista. Frente a este contexto, la <strong>MAM FUNDACIONAL<\/strong> emiti\u00f3 un pronunciamiento, el cual compartimos textualmente:<\/p>\n<p style=\"text-align: justify;\"><strong>MAM FUNDACIONAL SE PRONUNCIA<\/strong><\/p>\n<p style=\"text-align: justify;\">Frente a las dudas malintencionadas sobre esterilizaciones forzadas<\/p>\n<p style=\"text-align: justify;\">Hablan las EVIDENCIAS entregadas por las v\u00edctimas<\/p>\n<p style=\"text-align: justify;\">Asistimos en los \u00faltimos d\u00edas a un debate formado por una diversidad de argumentos y personas que intentan desprestigiar las denuncias de miles de mujeres procedentes del ande y de la selva, pobres, quechuahablantes y otros idiomas, muchas analfabetas, que han testimoniado que les violaron sus cuerpos, las secuestraron, enga\u00f1aron, amenazaron y las esterilizaron contra su voluntad. A ellas les creemos.<\/p>\n<ul style=\"text-align: justify;\">\n<li>En marzo de 2012, representantes de la hoy Asociaci\u00f3n de <strong>Mujeres Peruanas Afectadas por las Esterilizaciones Forzadas, AMPAEF<\/strong>, junto a Hilaria Supa, entregaron a la Primera Fiscal\u00eda Supraprovincial de Lima, 1,400 p\u00e1ginas conteniendo m\u00e1s de 50 evidencias de esterilizaciones forzadas detectadas por la <strong>Comisi\u00f3n Especial sobre AQV del MINSA (2001-2002).<\/strong><\/li>\n<\/ul>\n<ul style=\"text-align: justify;\">\n<li>El fiscal<strong> V\u00edctor Cuba de la Fiscal\u00eda Superior<\/strong>, coordinador en el 2012 de Derechos Humanos, se\u00f1al\u00f3 que la Resoluci\u00f3n de octubre de 2011 de la Fiscal\u00eda de la Naci\u00f3n consideraba que proced\u00eda la <strong>reapertura del caso por delito de lesa humanidad<\/strong> porque hab\u00eda pruebas suficientes que as\u00ed lo demostraban.<\/li>\n<\/ul>\n<ul style=\"text-align: justify;\">\n<li>El expediente contiene los testimonios de m\u00e9dicos declarando haber practicado<strong> las esterilizaciones por \u00f3rdenes superiores<\/strong>, acompa\u00f1ados de memorandos donde se les inquiere el cumplimiento y en los que figuran los sellos de las dependencias de salud.<\/li>\n<\/ul>\n<ul style=\"text-align: justify;\">\n<li><strong>En las 1400 p\u00e1ginas entregadas<\/strong> figuran los oficios que los entonces ministros de salud A<strong>lejandro Aguinaga y Marino Costa Bauer<\/strong> remit\u00edan al presidente <strong>Alberto Fujimori<\/strong> dando cuenta de las metas cumplidas y de las campa\u00f1as, festivales o ferias de ligaduras realizadas con tal fin. As\u00ed lo demuestran las fotos donde aparecen banderolas colocadas en los frontis de los hospitales de las zonas y en las calles donde la referencia era la posta de salud.<\/li>\n<\/ul>\n<ul style=\"text-align: justify;\">\n<li>Lo que se relata en esta nota, es apenas un resumen respecto de lo que se ha podido rescatar de sus archivos. A esto habr\u00eda que agregar las evidencias que en m\u00e1s de una decena de a\u00f1os han venido aportando diversos sectores y las propias v\u00edctimas. La cifra de <strong>300 mil v\u00edctimas<\/strong> es un estimado que surge de la informaci\u00f3n del Ministerio de Salud.<\/li>\n<\/ul>\n<p style=\"text-align: justify;\">Alertamos sobre el gran da\u00f1o que se pretende hacer a las v\u00edctimas, difundiendo mentiras y difamaciones. <strong>Ellas llevan 20 a\u00f1os buscando verdad, justicia y reparaci\u00f3n. Nosotras continuaremos apoy\u00e1ndolas y crey\u00e9ndoles.<\/strong><\/p>\n<p style=\"text-align: right;\"><strong>MAM Fundacional<\/strong><\/p>\n<p>&nbsp;<\/p>","protected":false},"excerpt":{"rendered":"<p>Hace unos d\u00edas, en la Feria Internacional del Libro de Lima, se present\u00f3 el libro \u2018La verdad de una mentira\u2019 cuya autora es Mar\u00eda Cecilia Villegas. El contenido principal es cuestionar la certeza de los casos de esterilizaciones forzadas en el gobierno de Alberto Fujimori. El controversial libro ha recibido muchas cr\u00edticas por tratar de [&hellip;]<\/p>\n","protected":false},"author":1,"featured_media":4968,"comment_status":"closed","ping_status":"open","sticky":false,"template":"","format":"standard","meta":{"_monsterinsights_skip_tracking":false,"_monsterinsights_sitenote_active":false,"_monsterinsights_sitenote_note":"","_monsterinsights_sitenote_category":0,"_jetpack_memberships_contains_paid_content":false,"footnotes":"","jetpack_publicize_message":"","jetpack_publicize_feature_enabled":true,"jetpack_social_post_already_shared":false,"jetpack_social_options":{"image_generator_settings":{"template":"highway","default_image_id":0,"font":"","enabled":false},"version":2}},"categories":[1],"tags":[],"class_list":["post-4967","post","type-post","status-publish","format-standard","has-post-thumbnail","hentry","category-sin-categoria"],"blocksy_meta":[],"jetpack_publicize_connections":[],"jetpack_featured_media_url":"https:\/\/derechosinfronteras.pe\/wp-content\/uploads\/2017\/08\/Esterilizadas-Pronunciamiento.jpg","jetpack_sharing_enabled":true,"jetpack_likes_enabled":true,"_links":{"self":[{"href":"https:\/\/derechosinfronteras.pe\/ingles\/wp-json\/wp\/v2\/posts\/4967","targetHints":{"allow":["GET"]}}],"collection":[{"href":"https:\/\/derechosinfronteras.pe\/ingles\/wp-json\/wp\/v2\/posts"}],"about":[{"href":"https:\/\/derechosinfronteras.pe\/ingles\/wp-json\/wp\/v2\/types\/post"}],"author":[{"embeddable":true,"href":"https:\/\/derechosinfronteras.pe\/ingles\/wp-json\/wp\/v2\/users\/1"}],"replies":[{"embeddable":true,"href":"https:\/\/derechosinfronteras.pe\/ingles\/wp-json\/wp\/v2\/comments?post=4967"}],"version-history":[{"count":0,"href":"https:\/\/derechosinfronteras.pe\/ingles\/wp-json\/wp\/v2\/posts\/4967\/revisions"}],"wp:featuredmedia":[{"embeddable":true,"href":"https:\/\/derechosinfronteras.pe\/ingles\/wp-json\/wp\/v2\/media\/4968"}],"wp:attachment":[{"href":"https:\/\/derechosinfronteras.pe\/ingles\/wp-json\/wp\/v2\/media?parent=4967"}],"wp:term":[{"taxonomy":"category","embeddable":true,"href":"https:\/\/derechosinfronteras.pe\/ingles\/wp-json\/wp\/v2\/categories?post=4967"},{"taxonomy":"post_tag","embeddable":true,"href":"https:\/\/derechosinfronteras.pe\/ingles\/wp-json\/wp\/v2\/tags?post=4967"}],"curies":[{"name":"wp","href":"https:\/\/api.w.org\/{rel}","templated":true}]}}