{"id":4969,"date":"2017-08-16T14:11:05","date_gmt":"2017-08-16T19:11:05","guid":{"rendered":"http:\/\/derechosinfronteras.pe\/?p=2899"},"modified":"2017-08-16T14:11:05","modified_gmt":"2017-08-16T19:11:05","slug":"suspenden-lectura-de-sentencia-del-caso-los-cabitos","status":"publish","type":"post","link":"https:\/\/derechosinfronteras.pe\/ingles\/suspenden-lectura-de-sentencia-del-caso-los-cabitos\/","title":{"rendered":"Suspenden lectura de sentencia del Caso \u2018Los Cabitos\u2019"},"content":{"rendered":"<p style=\"text-align: justify;\">\n<p style=\"text-align: justify;\">Despu\u00e9s de 34 a\u00f1os, hoy, 16 de agosto, se habr\u00eda dictado sentencia en contra de los militares que formaban parte del cuartel &#8216;Los Cabitos&#8217; ubicado en <a href=\"https:\/\/www.facebook.com\/hashtag\/ayacucho?source=feed_text&amp;story_id=1362001447251713\" target=\"_blank\" rel=\"noopener\">#Ayacucho<\/a>. El proceso judicial ha durado 14 a\u00f1os, y el juicio oral m\u00e1s de 6, y algunos de los familiares de las v\u00edctimas asesinadas y desaparecidas, han fallecido o est\u00e1n enfermos. Tras tantos a\u00f1os de espera, hoy por fin se leer\u00eda la sentencia, sin embargo ninguno de los procesados se present\u00f3 a las instalaciones de la Sala Penal Nacional. Esta situaci\u00f3n, llev\u00f3 a que los jueces decidan suspender la audiencia para ma\u00f1ana a las 6:00 p.m.<\/p>\n<h5 style=\"text-align: justify;\"><strong>\u00bfPor qu\u00e9 la suspensi\u00f3n? <\/strong><\/h5>\n<p style=\"text-align: justify;\"><strong>La representante del Ministerio p\u00fablico, <\/strong><strong>Luz del Carmen Ib\u00e1\u00f1ez<\/strong><strong>, exhort\u00f3 a los miembros de la <\/strong><strong>Sala Penal<\/strong><strong>, presidida por <\/strong><strong>Ricardo Brousset<\/strong><strong>, a continuar con la audiencia: <\/strong>\u2018Quiero solicitar que no se tom\u00e9 en cuenta esta actitud desafiante de los procesados, que debiendo estar aqu\u00ed no han venido precisamente para intentar frustrar la lectura de esta sentencia\u2019 sentenci\u00f3 Ib\u00e1\u00f1ez.<\/p>\n<p style=\"text-align: justify;\">Adem\u00e1s apel\u00f3 a la situaci\u00f3n de vulnerabilidad de las y los familiares de las v\u00edctimas, que tuvieron que viajar desde Ayacucho: \u2018Necesitamos respetar que estas personas son ancianas, est\u00e1n enfermas, son pobres, vienen desde Ayacucho, no tienen dinero para volver otro d\u00eda, no tiene dinero para quedarse en Lima un d\u00eda m\u00e1s, nadie les paga el pasaje, nadie les paga la comida (\u2026) La audiencia debe continuar teniendo en cuenta que todos los abogados est\u00e1n aqu\u00ed presentes\u2019. A pesar de estos argumentos, los jueces aceptaron suspender la audiencia.<\/p>\n<p style=\"text-align: justify;\">La situaci\u00f3n m\u00e1s indignante fue escuchar a los abogados de los procesados, al argumentar que no sab\u00edan del paradero de sus patrocinados.<\/p>\n<h5 style=\"text-align: justify;\"><strong>Los Cabitos: Lugar de tortura<\/strong><\/h5>\n<p style=\"text-align: justify;\">El cuartel \u2018Los Cabitos\u2019 se convirti\u00f3 en un lugar permanente de violaciones a los derechos humanos durante el tiempo de terrorismo que vivi\u00f3 nuestro pa\u00eds. Muchos de los sobrevivientes han manifestado que sufrieron diferentes tipos de tortura durante los interrogatorios para obligarlos a que se autodeclaren como miembros del grupo terrorista \u2018Sendero Luminoso\u2019. Por otro lado las violaciones sexuales a mujeres se hab\u00edan vuelto una constante.<\/p>\n<p style=\"text-align: justify;\">Altos oficiales que estuvieron destacados en el cuartel militar de Huamanga en 1983 est\u00e1n siendo juzgados por un total de 53 detenciones ilegales, torturas y ejecuciones extrajudiciales. La Fiscal\u00eda solicita <strong>33 a\u00f1os<\/strong> de c\u00e1rcel para los altos mandos de dicha instalaci\u00f3n militar: el \u00a0Comandante General de las Fuerzas Armadas, <strong>Carlos Brice\u00f1o Zevallos<\/strong>; al Jefe de Estado Mayor Operativo, <strong>Carlos Millones D&#8217;Estefano<\/strong>; al Jefe de Estado Mayor Administrativo, <strong>Roberto Salda\u00f1a V\u00e1squez<\/strong>; al Jefe del Destacamento de Inteligencia, <strong>Pedro Paz Avenda\u00f1o<\/strong>; y al Jefe del Cuartel Los Cabitos, <strong>Humberto Orbegozo Talavera<\/strong>. Adem\u00e1s, la fiscal\u00eda pidi\u00f3 30 a\u00f1os para <strong>Arturo Moreno Alc\u00e1ntara<\/strong>, quien tuvo a su cargo el equipo de Inteligencia y que particip\u00f3 en los interrogatorios.<\/p>\n<h5 style=\"text-align: justify;\"><strong>Caso emblem\u00e1tico<\/strong><\/h5>\n<p style=\"text-align: justify;\"><strong>Ang\u00e9lica Mendoza<\/strong>, o <strong>Mam\u00e1 Ang\u00e9lica<\/strong>, como cari\u00f1osamente la conocen, es una de las mujeres que no ha sabido rendirse en la b\u00fasqueda permanente de su mejor hijo Arqu\u00edmedes, quien fue secuestrado por los militares el <strong>2 de julio de 1983<\/strong>. Ella, junto a su esposo <strong>Estanislao Ascarza<\/strong>, nunca pararon de buscar a su hijo. 34 a\u00f1os despu\u00e9s, no conocen del paradero de su hijo. El mayor temor de Mam\u00e1 Ang\u00e9lica, es que se muera sin antes saber del paradero de su hijo y saber que se hizo justicia con los responsables de su desaparici\u00f3n. <strong>Su esposo falleci\u00f3 hace m\u00e1s dos a\u00f1os. <\/strong><\/p>\n<p style=\"text-align: justify;\">Ang\u00e9lica, ha sabido mantener su <strong>esperanza<\/strong>, y fue la responsable de articular y organizar a las y los familiares de los desaparecidos en Ayacucho. Ella, desde su lucha, se ha encargado de que como pa\u00eds a\u00fan mantengamos <strong>memoria y exijamos verdad y justicia<\/strong> frente a tantos casos de desapariciones forzadas durante la \u00e9poca del terrorismo.<\/p>\n<p style=\"text-align: justify;\">Con esta postergaci\u00f3n, se sigue vulnerando los derechos de las v\u00edctimas y sus familiares. Sigamos vigilantes frente a este tipo de situaciones para denunciarlas y visibilizarlas. Desde\u00a0<a href=\"https:\/\/www.facebook.com\/derechossinfronteras.pe\/\" target=\"_blank\" rel=\"noopener\">DHSF<\/a>, esperamos que tanto tiempo de espera, sepa ser\u00a0recompensado con una sentencia que nos devuelva la esperanza en las instituciones y la ilusi\u00f3n en que nuestro pa\u00eds a\u00fan se puede confiar en la JUSTICIA.<\/p>\n<p>&nbsp;<\/p>\n<p>&nbsp;<\/p>","protected":false},"excerpt":{"rendered":"<p>Despu\u00e9s de 34 a\u00f1os, hoy, 16 de agosto, se habr\u00eda dictado sentencia en contra de los militares que formaban parte del cuartel &#8216;Los Cabitos&#8217; ubicado en #Ayacucho. El proceso judicial ha durado 14 a\u00f1os, y el juicio oral m\u00e1s de 6, y algunos de los familiares de las v\u00edctimas asesinadas y desaparecidas, han fallecido o [&hellip;]<\/p>\n","protected":false},"author":1,"featured_media":4970,"comment_status":"closed","ping_status":"open","sticky":false,"template":"","format":"standard","meta":{"_monsterinsights_skip_tracking":false,"_monsterinsights_sitenote_active":false,"_monsterinsights_sitenote_note":"","_monsterinsights_sitenote_category":0,"_jetpack_memberships_contains_paid_content":false,"footnotes":"","jetpack_publicize_message":"","jetpack_publicize_feature_enabled":true,"jetpack_social_post_already_shared":false,"jetpack_social_options":{"image_generator_settings":{"template":"highway","default_image_id":0,"font":"","enabled":false},"version":2}},"categories":[1],"tags":[],"class_list":["post-4969","post","type-post","status-publish","format-standard","has-post-thumbnail","hentry","category-sin-categoria"],"blocksy_meta":[],"jetpack_publicize_connections":[],"jetpack_featured_media_url":"https:\/\/derechosinfronteras.pe\/wp-content\/uploads\/2017\/08\/cabitos.png","jetpack_sharing_enabled":true,"jetpack_likes_enabled":true,"_links":{"self":[{"href":"https:\/\/derechosinfronteras.pe\/ingles\/wp-json\/wp\/v2\/posts\/4969","targetHints":{"allow":["GET"]}}],"collection":[{"href":"https:\/\/derechosinfronteras.pe\/ingles\/wp-json\/wp\/v2\/posts"}],"about":[{"href":"https:\/\/derechosinfronteras.pe\/ingles\/wp-json\/wp\/v2\/types\/post"}],"author":[{"embeddable":true,"href":"https:\/\/derechosinfronteras.pe\/ingles\/wp-json\/wp\/v2\/users\/1"}],"replies":[{"embeddable":true,"href":"https:\/\/derechosinfronteras.pe\/ingles\/wp-json\/wp\/v2\/comments?post=4969"}],"version-history":[{"count":0,"href":"https:\/\/derechosinfronteras.pe\/ingles\/wp-json\/wp\/v2\/posts\/4969\/revisions"}],"wp:featuredmedia":[{"embeddable":true,"href":"https:\/\/derechosinfronteras.pe\/ingles\/wp-json\/wp\/v2\/media\/4970"}],"wp:attachment":[{"href":"https:\/\/derechosinfronteras.pe\/ingles\/wp-json\/wp\/v2\/media?parent=4969"}],"wp:term":[{"taxonomy":"category","embeddable":true,"href":"https:\/\/derechosinfronteras.pe\/ingles\/wp-json\/wp\/v2\/categories?post=4969"},{"taxonomy":"post_tag","embeddable":true,"href":"https:\/\/derechosinfronteras.pe\/ingles\/wp-json\/wp\/v2\/tags?post=4969"}],"curies":[{"name":"wp","href":"https:\/\/api.w.org\/{rel}","templated":true}]}}