{"id":4973,"date":"2017-08-15T13:46:47","date_gmt":"2017-08-15T18:46:47","guid":{"rendered":"http:\/\/derechosinfronteras.pe\/?p=2889"},"modified":"2017-08-15T13:46:47","modified_gmt":"2017-08-15T18:46:47","slug":"cientos-de-mujeres-gritaron-ni-una-menos","status":"publish","type":"post","link":"https:\/\/derechosinfronteras.pe\/ingles\/cientos-de-mujeres-gritaron-ni-una-menos\/","title":{"rendered":"Cientos de mujeres gritaron \u00a1NI UNA MENOS!"},"content":{"rendered":"<p style=\"text-align: justify;\">Desde las tres de la tarde del <strong>12 de agosto<\/strong>, cientos de mujeres cusque\u00f1as, organizaciones civiles, instituciones y colectivos se reunieron en el explanada de la Urb. Mariscal Gamarra para ser parte de la marcha<strong><a href=\"https:\/\/www.facebook.com\/derechossinfronteras.pe\/videos\/1360465204072004\/\" target=\"_blank\" rel=\"noopener\">\u00a0&#8216;Ni una menos&#8217;<\/a>\u00a0<\/strong><strong>, y<\/strong>\u00a0denunciar, visibilizar y rechazar la violencia que sufren a diario y el aumento de los \u00edndices de feminicidios en Cusco y en todo el pa\u00eds. Cabe se\u00f1alar que esta es la segunda marcha a nivel nacional (la primera se realiz\u00f3 el 13 de agosto del a\u00f1o pasado) que congrega a <strong>mujeres<\/strong> en todas las regiones del pa\u00eds.<\/p>\n<p style=\"text-align: justify;\">Esta segunda manifestaci\u00f3n, ayud\u00f3 a visibilizar los casos de<strong> feminicidios<\/strong> que no han sido<strong> judicializados y\/o no tienen condena<\/strong>, violaciones sexuales, embarazos adolescentes por casos de violaci\u00f3n, <strong>esterilizaciones forzadas<\/strong> y el aumento en de trata de mujeres. Estas son solo algunas de las situaciones de violencia y vulnerabilidad que sufren las mujeres en nuestros pa\u00eds, cuyos indicadores van en aumento.<\/p>\n<div class=\"fb-video\" data-allowfullscreen=\"true\" data-href=\"https:\/\/www.facebook.com\/derechossinfronteras.pe\/videos\/1360465204072004\/\" style=\"background-color: #fff; display: inline-block;\"><\/div>\n<p style=\"text-align: justify;\"><strong>En Cusco<\/strong>, existen muchas razones para denunciar la violencia de g\u00e9nero, cuyas cifras d\u00eda a d\u00eda <a href=\"https:\/\/www.facebook.com\/derechossinfronteras.pe\/photos\/a.741549455963585.1073741826.339097252875476\/1356893824429142\/?type=3\" target=\"_blank\" rel=\"noopener\">son m\u00e1s preocupantes:<\/a><\/p>\n<h5 style=\"text-align: justify;\">VIOLENCIA SEXUAL:<\/h5>\n<p style=\"text-align: justify;\">*En el 2016, se han registrado 5288 violaciones contra mujeres.<\/p>\n<p style=\"text-align: justify;\">*Cusco fue el cuarto departamento con m\u00e1s denuncias por violencia sexual.<\/p>\n<p style=\"text-align: justify;\">*De la poblaci\u00f3n total penitenciaria, 26% est\u00e1n encarcelados por delitos referidos a violaci\u00f3n sexual.<\/p>\n<h5 style=\"text-align: justify;\">\u201cNI\u00d1AS, NO MADRES\u201d:<\/h5>\n<p style=\"text-align: justify;\">*En el 2016, Cusco fue el segundo departamento con mayor Violencia Familiar y Sexual (VFS).<\/p>\n<p style=\"text-align: justify;\">*Se reportaron 6516 casos de VFS, de las cuales 370 son casos de violaci\u00f3n sexual.<\/p>\n<p style=\"text-align: justify;\">*71 % de estas violaciones fueron contra ni\u00f1as y adolescentes menores de 17 a\u00f1os.<\/p>\n<h5 style=\"text-align: justify;\">FEMINICIDIO:<\/h5>\n<p style=\"text-align: justify;\">*En los \u00faltimos ocho a\u00f1os, en Cusco se han registrado 102 casos de feminicidio.<\/p>\n<p style=\"text-align: justify;\">*Entre 2012 y 2015, han quedado impunes 272 casos de feminicidio.<\/p>\n<h5 style=\"text-align: justify;\">TRATA DE PERSONAS:<\/h5>\n<p style=\"text-align: justify;\">*92% de las v\u00edctimas de trata menores de edad son mujeres. La mayor\u00eda de las v\u00edctimas provienen de Ocongate, La Convenci\u00f3n, Marcapata, Urcos y Acomayo.<\/p>\n<p style=\"text-align: justify;\">Compartimos con ustedes, los mejores momentos de la marcha de \u2018Ni una menos\u2019, que llenaron de color, rebeld\u00eda y alegr\u00eda las principales calles de la ciudad imperial:<\/p>\n<p><a href=\"https:\/\/www.facebook.com\/media\/set\/?set=a.1361151414003383.1073741830.339097252875476&#038;type=1&#038;l=4ecae71e58\" target=\"_blank\" rel=\"noopener\">https:\/\/www.facebook.com\/media\/set\/?set=a.1361151414003383.1073741830.339097252875476&amp;type=1&amp;l=4ecae71e58<\/a><\/p>\n<p><strong>No Callemos la violencia: DENUNCIA:<\/strong><\/p>\n<div class=\"fb-post\" data-href=\"https:\/\/www.facebook.com\/derechossinfronteras.pe\/photos\/a.741549455963585.1073741826.339097252875476\/1361159450669246\/?type=3&#038;theater\" data-width=\"552\" style=\"background-color: #fff; display: inline-block;\"><\/div>\n<p>&nbsp;<\/p>","protected":false},"excerpt":{"rendered":"<p>Desde las tres de la tarde del 12 de agosto, cientos de mujeres cusque\u00f1as, organizaciones civiles, instituciones y colectivos se reunieron en el explanada de la Urb. Mariscal Gamarra para ser parte de la marcha\u00a0&#8216;Ni una menos&#8217;\u00a0, y\u00a0denunciar, visibilizar y rechazar la violencia que sufren a diario y el aumento de los \u00edndices de feminicidios [&hellip;]<\/p>\n","protected":false},"author":1,"featured_media":4974,"comment_status":"closed","ping_status":"open","sticky":false,"template":"","format":"standard","meta":{"_monsterinsights_skip_tracking":false,"_monsterinsights_sitenote_active":false,"_monsterinsights_sitenote_note":"","_monsterinsights_sitenote_category":0,"_jetpack_memberships_contains_paid_content":false,"footnotes":"","jetpack_publicize_message":"","jetpack_publicize_feature_enabled":true,"jetpack_social_post_already_shared":false,"jetpack_social_options":{"image_generator_settings":{"template":"highway","default_image_id":0,"font":"","enabled":false},"version":2}},"categories":[1],"tags":[],"class_list":["post-4973","post","type-post","status-publish","format-standard","has-post-thumbnail","hentry","category-sin-categoria"],"blocksy_meta":[],"jetpack_publicize_connections":[],"jetpack_featured_media_url":"https:\/\/derechosinfronteras.pe\/wp-content\/uploads\/2017\/08\/Num20-e1502821719871.jpg","jetpack_sharing_enabled":true,"jetpack_likes_enabled":true,"_links":{"self":[{"href":"https:\/\/derechosinfronteras.pe\/ingles\/wp-json\/wp\/v2\/posts\/4973","targetHints":{"allow":["GET"]}}],"collection":[{"href":"https:\/\/derechosinfronteras.pe\/ingles\/wp-json\/wp\/v2\/posts"}],"about":[{"href":"https:\/\/derechosinfronteras.pe\/ingles\/wp-json\/wp\/v2\/types\/post"}],"author":[{"embeddable":true,"href":"https:\/\/derechosinfronteras.pe\/ingles\/wp-json\/wp\/v2\/users\/1"}],"replies":[{"embeddable":true,"href":"https:\/\/derechosinfronteras.pe\/ingles\/wp-json\/wp\/v2\/comments?post=4973"}],"version-history":[{"count":0,"href":"https:\/\/derechosinfronteras.pe\/ingles\/wp-json\/wp\/v2\/posts\/4973\/revisions"}],"wp:featuredmedia":[{"embeddable":true,"href":"https:\/\/derechosinfronteras.pe\/ingles\/wp-json\/wp\/v2\/media\/4974"}],"wp:attachment":[{"href":"https:\/\/derechosinfronteras.pe\/ingles\/wp-json\/wp\/v2\/media?parent=4973"}],"wp:term":[{"taxonomy":"category","embeddable":true,"href":"https:\/\/derechosinfronteras.pe\/ingles\/wp-json\/wp\/v2\/categories?post=4973"},{"taxonomy":"post_tag","embeddable":true,"href":"https:\/\/derechosinfronteras.pe\/ingles\/wp-json\/wp\/v2\/tags?post=4973"}],"curies":[{"name":"wp","href":"https:\/\/api.w.org\/{rel}","templated":true}]}}