{"id":4975,"date":"2017-08-14T18:11:48","date_gmt":"2017-08-14T23:11:48","guid":{"rendered":"http:\/\/derechosinfronteras.pe\/?p=2885"},"modified":"2017-08-14T18:11:48","modified_gmt":"2017-08-14T23:11:48","slug":"tuman-afrontara-90-dias-de-estado-de-emergencia-por-nueva-ampliacion","status":"publish","type":"post","link":"https:\/\/derechosinfronteras.pe\/ingles\/tuman-afrontara-90-dias-de-estado-de-emergencia-por-nueva-ampliacion\/","title":{"rendered":"Tum\u00e1n afrontar\u00e1 90 d\u00edas de Estado de Emergencia por nueva ampliaci\u00f3n"},"content":{"rendered":"<p><strong>\u00a0(14\/08\/2017) <\/strong>Mediante Decreto Supremo N\u00b0 083-2017-PCM, se dispuso la ampliaci\u00f3n del Estado de Emergencia en el distrito chiclayano de Tum\u00e1n, Lambayeque, por 30 d\u00edas m\u00e1s.<\/p>\n<p>La disposici\u00f3n se public\u00f3 en el diario oficial El peruano, la misma que detalla que a partir del s\u00e1bado 12 de agosto \u201cla Polic\u00eda Nacional del Per\u00fa mantiene el control del orden interno, con el apoyo de las Fuerzas Armadas\u201d. Adem\u00e1s, precisa que con esta medida quedan \u00absuspendidos los derechos constitucionales relativos a la libertad y seguridad personal, la inviolabilidad de domicilio y la libertad de reuni\u00f3n y de tr\u00e1nsito en este distrito\u00bb.<\/p>\n<p>Cabe recordar que, en junio, los trabajadores de la empresa azucarera Agroindustrial Tum\u00e1n S.A.A. realizaron protestas exigiendo el respeto a sus beneficios laborales y la salida del Cuarto Directorio de la empresa (liderado por Edwin Oviedo). Tras estos hechos, el gobierno declar\u00f3 el Estado de Emergencia el 12 de junio y un mes despu\u00e9s, el 12 de julio, se dispuso la ampliaci\u00f3n por 30 d\u00edas m\u00e1s. Con esta nueva disposici\u00f3n, Tum\u00e1n afrontar\u00e1 90 d\u00edas de Estado de Emergencia.<\/p>","protected":false},"excerpt":{"rendered":"<p>\u00a0(14\/08\/2017) Mediante Decreto Supremo N\u00b0 083-2017-PCM, se dispuso la ampliaci\u00f3n del Estado de Emergencia en el distrito chiclayano de Tum\u00e1n, Lambayeque, por 30 d\u00edas m\u00e1s. La disposici\u00f3n se public\u00f3 en el diario oficial El peruano, la misma que detalla que a partir del s\u00e1bado 12 de agosto \u201cla Polic\u00eda Nacional del Per\u00fa mantiene el control [&hellip;]<\/p>\n","protected":false},"author":1,"featured_media":4976,"comment_status":"closed","ping_status":"open","sticky":false,"template":"","format":"standard","meta":{"_monsterinsights_skip_tracking":false,"_monsterinsights_sitenote_active":false,"_monsterinsights_sitenote_note":"","_monsterinsights_sitenote_category":0,"_jetpack_memberships_contains_paid_content":false,"footnotes":"","jetpack_publicize_message":"","jetpack_publicize_feature_enabled":true,"jetpack_social_post_already_shared":false,"jetpack_social_options":{"image_generator_settings":{"template":"highway","default_image_id":0,"font":"","enabled":false},"version":2}},"categories":[1],"tags":[],"class_list":["post-4975","post","type-post","status-publish","format-standard","has-post-thumbnail","hentry","category-sin-categoria"],"blocksy_meta":[],"jetpack_publicize_connections":[],"jetpack_featured_media_url":"https:\/\/derechosinfronteras.pe\/wp-content\/uploads\/2017\/08\/Tuman-2.jpg","jetpack_sharing_enabled":true,"jetpack_likes_enabled":true,"_links":{"self":[{"href":"https:\/\/derechosinfronteras.pe\/ingles\/wp-json\/wp\/v2\/posts\/4975","targetHints":{"allow":["GET"]}}],"collection":[{"href":"https:\/\/derechosinfronteras.pe\/ingles\/wp-json\/wp\/v2\/posts"}],"about":[{"href":"https:\/\/derechosinfronteras.pe\/ingles\/wp-json\/wp\/v2\/types\/post"}],"author":[{"embeddable":true,"href":"https:\/\/derechosinfronteras.pe\/ingles\/wp-json\/wp\/v2\/users\/1"}],"replies":[{"embeddable":true,"href":"https:\/\/derechosinfronteras.pe\/ingles\/wp-json\/wp\/v2\/comments?post=4975"}],"version-history":[{"count":0,"href":"https:\/\/derechosinfronteras.pe\/ingles\/wp-json\/wp\/v2\/posts\/4975\/revisions"}],"wp:featuredmedia":[{"embeddable":true,"href":"https:\/\/derechosinfronteras.pe\/ingles\/wp-json\/wp\/v2\/media\/4976"}],"wp:attachment":[{"href":"https:\/\/derechosinfronteras.pe\/ingles\/wp-json\/wp\/v2\/media?parent=4975"}],"wp:term":[{"taxonomy":"category","embeddable":true,"href":"https:\/\/derechosinfronteras.pe\/ingles\/wp-json\/wp\/v2\/categories?post=4975"},{"taxonomy":"post_tag","embeddable":true,"href":"https:\/\/derechosinfronteras.pe\/ingles\/wp-json\/wp\/v2\/tags?post=4975"}],"curies":[{"name":"wp","href":"https:\/\/api.w.org\/{rel}","templated":true}]}}