{"id":4979,"date":"2017-08-11T21:53:02","date_gmt":"2017-08-12T02:53:02","guid":{"rendered":"http:\/\/derechosinfronteras.pe\/?p=2874"},"modified":"2017-08-11T21:53:02","modified_gmt":"2017-08-12T02:53:02","slug":"ni-una-menos-cusco-realizan-planton-contra-feminicidios","status":"publish","type":"post","link":"https:\/\/derechosinfronteras.pe\/ingles\/ni-una-menos-cusco-realizan-planton-contra-feminicidios\/","title":{"rendered":"Ni Una Menos &#8211; Cusco: Realizan plant\u00f3n contra feminicidios"},"content":{"rendered":"<p style=\"text-align: justify;\">El colectivo de mujeres\u00a0<a href=\"https:\/\/www.facebook.com\/Ni-una-menos-Cusco-Tocan-a-una-tocan-a-todas-1442464799112460\/?fref=mentions\" data-hovercard=\"\/ajax\/hovercard\/page.php?id=1442464799112460&amp;extragetparams=%7B%22fref%22%3A%22mentions%22%7D\" data-hovercard-prefer-more-content-show=\"1\" target=\"_blank\" rel=\"noopener\">Ni una menos Cusco: <\/a>realiz\u00f3 hoy un plant\u00f3n contra la violencia de g\u00e9nero en el frontis del Poder Judicial. La tem\u00e1tica principal fue denunciar el alto \u00edndice de feminicidios en\u00a0<a href=\"https:\/\/www.facebook.com\/hashtag\/cusco?source=feed_text\" data-ft=\"{&quot;tn&quot;:&quot;*N&quot;,&quot;type&quot;:104}\" target=\"_blank\" rel=\"noopener\">#Cusco<\/a>\u00a0y en todo el Per\u00fa, y como las instituciones que deber\u00edan impartir justicias, frente a los casos de violencia, no lo est\u00e1n haciendo. Se recordaron casos emblem\u00e1ticos como el de Lisbeth \u00d1aupa Mina y Nayda Luz Guzm\u00e1n Coaquira. En el acto simb\u00f3lico se hizo presente Claudia Cond\u00f3ri, una de las v\u00edctimas de esterilizaciones forzadas en Santo Tom\u00e1s (Chumbivilcas), y tambi\u00e9n visibiliz\u00f3 y denunci\u00f3 su caso, pues han pasado m\u00e1s de 20 a\u00f1os y el sistema de justicia archivo la mayor\u00eda de los casos denunciados adem\u00e1s de no existir ning\u00fan tipo de reparaci\u00f3n y atenci\u00f3n especializada en salud.<\/p>\n<h5 style=\"text-align: justify;\">Actividades:<\/h5>\n<p style=\"text-align: justify;\">El plant\u00f3n\u00a0tambi\u00e9n sirvi\u00f3 para anunciar las acciones que realizaran como colectivo:<\/p>\n<p style=\"text-align: justify;\">*SERIGRAFIADO DE POLOS: S\u00c1BADO 12 DE AGOSTO \u2013 Casa de la Cultura 11:00 a.m.<\/p>\n<p style=\"text-align: justify;\">*MARCHA NACIONAL #NIUNAMENOS \u2013 S\u00c1BADO 12 DE AGOSTO Mariscal Gamarra 3:00 p.m<\/p>\n<div class=\"fb-video\" data-allowfullscreen=\"true\" data-href=\"https:\/\/www.facebook.com\/derechossinfronteras.pe\/videos\/1357884190996772\/\" style=\"background-color: #fff; display: inline-block;\"><\/div>\n<h5>Somos Todas:<\/h5>\n<p>Desde Derechos Humanos sin Fronteras exhortamos a todas las mujeres cusque\u00f1as a romper el silencio y denunciar la violencia que sufren, y una forma simb\u00f3lica de hacerlo es asistiendo a la marcha \u201cNi una Menos Somos Todas 2017\u201d.<\/p>\n<p>&nbsp;<\/p>\n<p>&nbsp;<\/p>","protected":false},"excerpt":{"rendered":"<p>El colectivo de mujeres\u00a0Ni una menos Cusco: realiz\u00f3 hoy un plant\u00f3n contra la violencia de g\u00e9nero en el frontis del Poder Judicial. La tem\u00e1tica principal fue denunciar el alto \u00edndice de feminicidios en\u00a0#Cusco\u00a0y en todo el Per\u00fa, y como las instituciones que deber\u00edan impartir justicias, frente a los casos de violencia, no lo est\u00e1n haciendo. [&hellip;]<\/p>\n","protected":false},"author":1,"featured_media":4980,"comment_status":"closed","ping_status":"open","sticky":false,"template":"","format":"standard","meta":{"_monsterinsights_skip_tracking":false,"_monsterinsights_sitenote_active":false,"_monsterinsights_sitenote_note":"","_monsterinsights_sitenote_category":0,"_jetpack_memberships_contains_paid_content":false,"footnotes":"","jetpack_publicize_message":"","jetpack_publicize_feature_enabled":true,"jetpack_social_post_already_shared":false,"jetpack_social_options":{"image_generator_settings":{"template":"highway","default_image_id":0,"font":"","enabled":false},"version":2}},"categories":[1],"tags":[],"class_list":["post-4979","post","type-post","status-publish","format-standard","has-post-thumbnail","hentry","category-sin-categoria"],"blocksy_meta":[],"jetpack_publicize_connections":[],"jetpack_featured_media_url":"https:\/\/derechosinfronteras.pe\/wp-content\/uploads\/2017\/08\/Planton-foto-e1502506208871.jpg","jetpack_sharing_enabled":true,"jetpack_likes_enabled":true,"_links":{"self":[{"href":"https:\/\/derechosinfronteras.pe\/ingles\/wp-json\/wp\/v2\/posts\/4979","targetHints":{"allow":["GET"]}}],"collection":[{"href":"https:\/\/derechosinfronteras.pe\/ingles\/wp-json\/wp\/v2\/posts"}],"about":[{"href":"https:\/\/derechosinfronteras.pe\/ingles\/wp-json\/wp\/v2\/types\/post"}],"author":[{"embeddable":true,"href":"https:\/\/derechosinfronteras.pe\/ingles\/wp-json\/wp\/v2\/users\/1"}],"replies":[{"embeddable":true,"href":"https:\/\/derechosinfronteras.pe\/ingles\/wp-json\/wp\/v2\/comments?post=4979"}],"version-history":[{"count":0,"href":"https:\/\/derechosinfronteras.pe\/ingles\/wp-json\/wp\/v2\/posts\/4979\/revisions"}],"wp:featuredmedia":[{"embeddable":true,"href":"https:\/\/derechosinfronteras.pe\/ingles\/wp-json\/wp\/v2\/media\/4980"}],"wp:attachment":[{"href":"https:\/\/derechosinfronteras.pe\/ingles\/wp-json\/wp\/v2\/media?parent=4979"}],"wp:term":[{"taxonomy":"category","embeddable":true,"href":"https:\/\/derechosinfronteras.pe\/ingles\/wp-json\/wp\/v2\/categories?post=4979"},{"taxonomy":"post_tag","embeddable":true,"href":"https:\/\/derechosinfronteras.pe\/ingles\/wp-json\/wp\/v2\/tags?post=4979"}],"curies":[{"name":"wp","href":"https:\/\/api.w.org\/{rel}","templated":true}]}}