{"id":4981,"date":"2017-08-11T18:11:45","date_gmt":"2017-08-11T23:11:45","guid":{"rendered":"http:\/\/derechosinfronteras.pe\/?p=2871"},"modified":"2017-08-11T18:11:45","modified_gmt":"2017-08-11T23:11:45","slug":"arequipa-agricultores-del-valle-de-tambo-alistan-protesta-contra-proyecto-tia-maria","status":"publish","type":"post","link":"https:\/\/derechosinfronteras.pe\/ingles\/arequipa-agricultores-del-valle-de-tambo-alistan-protesta-contra-proyecto-tia-maria\/","title":{"rendered":"Arequipa: Agricultores del valle de Tambo alistan protesta contra proyecto \u2018T\u00eda Mar\u00eda\u2019"},"content":{"rendered":"<p style=\"text-align: justify;\">Las declaraciones del Presidente Ejecutivo de Southern Per\u00fa, \u00d3scar Gonz\u00e1lez Rocha, en las que afirma que la empresa est\u00e1 realizando coordinaciones para la ejecuci\u00f3n del proyecto \u2018T\u00eda Mar\u00eda\u2019, alertaron a las y los pobladores del <strong>Valle de Tambo<\/strong> y realizaron una marcha simb\u00f3lica el pasado 10 de agosto y anunciaron que realizar\u00e1n, en los pr\u00f3ximos d\u00edas, un paro de 72 horas en contra del proyecto cupr\u00edfero \u2018T\u00eda Mar\u00eda\u2019<\/p>\n<p style=\"text-align: justify;\">M\u00e1s de 300 personas se unieron a la marcha por las principales calles del distrito de Cocachacra, haciendo notar su malestar con las afirmaciones de Gonz\u00e1les y la posibilidad de la ejecuci\u00f3n del proyecto.<\/p>\n<p style=\"text-align: justify;\">Es importar se\u00f1alar que este conflicto no es nuevo y ha dejado un saldo de cinco fallecidos por impacto de bala a lo largo de los \u00faltimos 6 a\u00f1os a causa de los enfrentamientos con las fuerzas policiales.<\/p>\n<p>&nbsp;<\/p>","protected":false},"excerpt":{"rendered":"<p>Las declaraciones del Presidente Ejecutivo de Southern Per\u00fa, \u00d3scar Gonz\u00e1lez Rocha, en las que afirma que la empresa est\u00e1 realizando coordinaciones para la ejecuci\u00f3n del proyecto \u2018T\u00eda Mar\u00eda\u2019, alertaron a las y los pobladores del Valle de Tambo y realizaron una marcha simb\u00f3lica el pasado 10 de agosto y anunciaron que realizar\u00e1n, en los pr\u00f3ximos [&hellip;]<\/p>\n","protected":false},"author":1,"featured_media":4982,"comment_status":"closed","ping_status":"open","sticky":false,"template":"","format":"standard","meta":{"_monsterinsights_skip_tracking":false,"_monsterinsights_sitenote_active":false,"_monsterinsights_sitenote_note":"","_monsterinsights_sitenote_category":0,"_jetpack_memberships_contains_paid_content":false,"footnotes":"","jetpack_publicize_message":"","jetpack_publicize_feature_enabled":true,"jetpack_social_post_already_shared":false,"jetpack_social_options":{"image_generator_settings":{"template":"highway","default_image_id":0,"font":"","enabled":false},"version":2}},"categories":[1],"tags":[],"class_list":["post-4981","post","type-post","status-publish","format-standard","has-post-thumbnail","hentry","category-sin-categoria"],"blocksy_meta":[],"jetpack_publicize_connections":[],"jetpack_featured_media_url":"https:\/\/derechosinfronteras.pe\/wp-content\/uploads\/2017\/08\/Tia-Maria.jpg","jetpack_sharing_enabled":true,"jetpack_likes_enabled":true,"_links":{"self":[{"href":"https:\/\/derechosinfronteras.pe\/ingles\/wp-json\/wp\/v2\/posts\/4981","targetHints":{"allow":["GET"]}}],"collection":[{"href":"https:\/\/derechosinfronteras.pe\/ingles\/wp-json\/wp\/v2\/posts"}],"about":[{"href":"https:\/\/derechosinfronteras.pe\/ingles\/wp-json\/wp\/v2\/types\/post"}],"author":[{"embeddable":true,"href":"https:\/\/derechosinfronteras.pe\/ingles\/wp-json\/wp\/v2\/users\/1"}],"replies":[{"embeddable":true,"href":"https:\/\/derechosinfronteras.pe\/ingles\/wp-json\/wp\/v2\/comments?post=4981"}],"version-history":[{"count":0,"href":"https:\/\/derechosinfronteras.pe\/ingles\/wp-json\/wp\/v2\/posts\/4981\/revisions"}],"wp:featuredmedia":[{"embeddable":true,"href":"https:\/\/derechosinfronteras.pe\/ingles\/wp-json\/wp\/v2\/media\/4982"}],"wp:attachment":[{"href":"https:\/\/derechosinfronteras.pe\/ingles\/wp-json\/wp\/v2\/media?parent=4981"}],"wp:term":[{"taxonomy":"category","embeddable":true,"href":"https:\/\/derechosinfronteras.pe\/ingles\/wp-json\/wp\/v2\/categories?post=4981"},{"taxonomy":"post_tag","embeddable":true,"href":"https:\/\/derechosinfronteras.pe\/ingles\/wp-json\/wp\/v2\/tags?post=4981"}],"curies":[{"name":"wp","href":"https:\/\/api.w.org\/{rel}","templated":true}]}}