{"id":4983,"date":"2017-08-11T12:22:24","date_gmt":"2017-08-11T17:22:24","guid":{"rendered":"http:\/\/derechosinfronteras.pe\/?p=2866"},"modified":"2017-08-11T12:22:24","modified_gmt":"2017-08-11T17:22:24","slug":"rondas-campesinas-un-proyecto-de-ley-que-les-impediria-ejercer-justicia","status":"publish","type":"post","link":"https:\/\/derechosinfronteras.pe\/ingles\/rondas-campesinas-un-proyecto-de-ley-que-les-impediria-ejercer-justicia\/","title":{"rendered":"Rondas campesinas rechazan Proyecto de Ley que les impedir\u00eda ejercer justicia"},"content":{"rendered":"<p>La Central \u00danica Nacional de Rondas Campesinas del Per\u00fa (CUNAR) ha rechazado el Proyecto de Ley 773 &#8211; 16, presentando en diciembre del a\u00f1o pasado por el congresista oficialista Gino Costa, porque vulnera su propia justicia, la cual se encuentra reconocida en nuestra Constituci\u00f3n Pol\u00edtica. Despu\u00e9s de varios debates en el Congreso de la Rep\u00fablica, la CUNAR decidi\u00f3 convocar a la <strong>&#8216;Movilizaci\u00f3n de Resistencia Pac\u00edfica de las Rondas Campesinas&#8217; <\/strong>que convoc\u00f3 a cientos de ronderas\/os en la Lima para exigir al Poder Legislativo y Ejecutivo que no se apruebe el PL.<\/p>\n<p>El Proyecto de Ley 773 -16 propone el desarrollo del art\u00edculo 149 de la Constituci\u00f3n Pol\u00edtica del Per\u00fa, para la regulaci\u00f3n de la coordinaci\u00f3n intercultural de la justicia. Sin embargo, las rondas campesinas\u00a0consideran que la iniciativa legislativa afecta el pluralismo jur\u00eddico y vulnera el derecho consuetudinario que les permite impedir que invadan sus territorios, los despojen y destruyan sus recursos naturales.<\/p>\n<p>Cabe se\u00f1alar que las rondas campesinas \u00a0cuentan con el reconocimiento de normas internacionales, como el Convenio 169 de la OIT, la Declaraci\u00f3n de Naciones Unidas sobre los Derechos de los Pueblos Ind\u00edgenas y la jurisprudencia de la Corte Interamericana de Derechos Humanos (CIDH).<\/p>\n<p><strong>En Ilave: <\/strong><\/p>\n<p>La movilizaci\u00f3n no s\u00f3lo se centraliz\u00f3 en Lima, pues en Ilave, alrededor de 160 ronderas y ronderos marcharon por las principales calles del distrito pune\u00f1o, sum\u00e1ndose a las exigencias de la CUNAR.<\/p>\n<p>&nbsp;<\/p>\n<p>&nbsp;<\/p>\n<p>&nbsp;<\/p>\n<p>&nbsp;<\/p>\n<p>&nbsp;<\/p>","protected":false},"excerpt":{"rendered":"<p>La Central \u00danica Nacional de Rondas Campesinas del Per\u00fa (CUNAR) ha rechazado el Proyecto de Ley 773 &#8211; 16, presentando en diciembre del a\u00f1o pasado por el congresista oficialista Gino Costa, porque vulnera su propia justicia, la cual se encuentra reconocida en nuestra Constituci\u00f3n Pol\u00edtica. Despu\u00e9s de varios debates en el Congreso de la Rep\u00fablica, [&hellip;]<\/p>\n","protected":false},"author":1,"featured_media":4984,"comment_status":"closed","ping_status":"open","sticky":false,"template":"","format":"standard","meta":{"_monsterinsights_skip_tracking":false,"_monsterinsights_sitenote_active":false,"_monsterinsights_sitenote_note":"","_monsterinsights_sitenote_category":0,"_jetpack_memberships_contains_paid_content":false,"footnotes":"","jetpack_publicize_message":"","jetpack_publicize_feature_enabled":true,"jetpack_social_post_already_shared":false,"jetpack_social_options":{"image_generator_settings":{"template":"highway","default_image_id":0,"font":"","enabled":false},"version":2}},"categories":[1],"tags":[],"class_list":["post-4983","post","type-post","status-publish","format-standard","has-post-thumbnail","hentry","category-sin-categoria"],"blocksy_meta":[],"jetpack_publicize_connections":[],"jetpack_featured_media_url":"https:\/\/derechosinfronteras.pe\/wp-content\/uploads\/2017\/08\/rondas.jpg","jetpack_sharing_enabled":true,"jetpack_likes_enabled":true,"_links":{"self":[{"href":"https:\/\/derechosinfronteras.pe\/ingles\/wp-json\/wp\/v2\/posts\/4983","targetHints":{"allow":["GET"]}}],"collection":[{"href":"https:\/\/derechosinfronteras.pe\/ingles\/wp-json\/wp\/v2\/posts"}],"about":[{"href":"https:\/\/derechosinfronteras.pe\/ingles\/wp-json\/wp\/v2\/types\/post"}],"author":[{"embeddable":true,"href":"https:\/\/derechosinfronteras.pe\/ingles\/wp-json\/wp\/v2\/users\/1"}],"replies":[{"embeddable":true,"href":"https:\/\/derechosinfronteras.pe\/ingles\/wp-json\/wp\/v2\/comments?post=4983"}],"version-history":[{"count":0,"href":"https:\/\/derechosinfronteras.pe\/ingles\/wp-json\/wp\/v2\/posts\/4983\/revisions"}],"wp:featuredmedia":[{"embeddable":true,"href":"https:\/\/derechosinfronteras.pe\/ingles\/wp-json\/wp\/v2\/media\/4984"}],"wp:attachment":[{"href":"https:\/\/derechosinfronteras.pe\/ingles\/wp-json\/wp\/v2\/media?parent=4983"}],"wp:term":[{"taxonomy":"category","embeddable":true,"href":"https:\/\/derechosinfronteras.pe\/ingles\/wp-json\/wp\/v2\/categories?post=4983"},{"taxonomy":"post_tag","embeddable":true,"href":"https:\/\/derechosinfronteras.pe\/ingles\/wp-json\/wp\/v2\/tags?post=4983"}],"curies":[{"name":"wp","href":"https:\/\/api.w.org\/{rel}","templated":true}]}}